{"id":2328,"date":"2018-10-08T15:23:40","date_gmt":"2018-10-08T14:23:40","guid":{"rendered":"http:\/\/montceautriathlon.com\/blog\/?p=2328"},"modified":"2018-10-11T20:51:08","modified_gmt":"2018-10-11T19:51:08","slug":"sale-temps-aux-salles-sur-verdon-fallait-pas-lacher-le-guidon","status":"publish","type":"post","link":"https:\/\/www.montceautriathlon.com\/blog\/2018\/10\/08\/sale-temps-aux-salles-sur-verdon-fallait-pas-lacher-le-guidon\/","title":{"rendered":"Sale temps aux  Salles sur Verdon : fallait pas l\u00e2cher le guidon !"},"content":{"rendered":"<p><a href=\"http:\/\/montceautriathlon.com\/blog\/wp-content\/uploads\/2018\/10\/Image-11_04.jpg\"><img data-attachment-id=\"2364\" data-permalink=\"https:\/\/www.montceautriathlon.com\/blog\/2018\/10\/08\/sale-temps-aux-salles-sur-verdon-fallait-pas-lacher-le-guidon\/image-11_04\/\" data-orig-file=\"https:\/\/www.montceautriathlon.com\/blog\/wp-content\/uploads\/2018\/10\/Image-11_04.jpg\" data-orig-size=\"719,1280\" data-comments-opened=\"1\" data-image-meta=\"{&quot;aperture&quot;:&quot;0&quot;,&quot;credit&quot;:&quot;&quot;,&quot;camera&quot;:&quot;&quot;,&quot;caption&quot;:&quot;&quot;,&quot;created_timestamp&quot;:&quot;0&quot;,&quot;copyright&quot;:&quot;&quot;,&quot;focal_length&quot;:&quot;0&quot;,&quot;iso&quot;:&quot;0&quot;,&quot;shutter_speed&quot;:&quot;0&quot;,&quot;title&quot;:&quot;&quot;,&quot;orientation&quot;:&quot;0&quot;}\" data-image-title=\"Image-11_04\" data-image-description=\"\" data-image-caption=\"\" data-medium-file=\"https:\/\/www.montceautriathlon.com\/blog\/wp-content\/uploads\/2018\/10\/Image-11_04-169x300.jpg\" data-large-file=\"https:\/\/www.montceautriathlon.com\/blog\/wp-content\/uploads\/2018\/10\/Image-11_04-575x1024.jpg\" loading=\"lazy\" class=\" wp-image-2364 alignleft\" src=\"http:\/\/montceautriathlon.com\/blog\/wp-content\/uploads\/2018\/10\/Image-11_04-169x300.jpg\" alt=\"\" width=\"138\" height=\"245\" srcset=\"https:\/\/www.montceautriathlon.com\/blog\/wp-content\/uploads\/2018\/10\/Image-11_04-169x300.jpg 169w, https:\/\/www.montceautriathlon.com\/blog\/wp-content\/uploads\/2018\/10\/Image-11_04-575x1024.jpg 575w, https:\/\/www.montceautriathlon.com\/blog\/wp-content\/uploads\/2018\/10\/Image-11_04.jpg 719w\" sizes=\"(max-width: 138px) 100vw, 138px\" \/><\/a><a href=\"http:\/\/montceautriathlon.com\/blog\/wp-content\/uploads\/2018\/10\/IMG_84131.jpg\"><img data-attachment-id=\"2363\" data-permalink=\"https:\/\/www.montceautriathlon.com\/blog\/2018\/10\/08\/sale-temps-aux-salles-sur-verdon-fallait-pas-lacher-le-guidon\/img_84131\/\" data-orig-file=\"https:\/\/www.montceautriathlon.com\/blog\/wp-content\/uploads\/2018\/10\/IMG_84131.jpg\" data-orig-size=\"768,1024\" data-comments-opened=\"1\" data-image-meta=\"{&quot;aperture&quot;:&quot;0&quot;,&quot;credit&quot;:&quot;&quot;,&quot;camera&quot;:&quot;&quot;,&quot;caption&quot;:&quot;&quot;,&quot;created_timestamp&quot;:&quot;0&quot;,&quot;copyright&quot;:&quot;&quot;,&quot;focal_length&quot;:&quot;0&quot;,&quot;iso&quot;:&quot;0&quot;,&quot;shutter_speed&quot;:&quot;0&quot;,&quot;title&quot;:&quot;&quot;,&quot;orientation&quot;:&quot;0&quot;}\" data-image-title=\"IMG_84131\" data-image-description=\"\" data-image-caption=\"\" data-medium-file=\"https:\/\/www.montceautriathlon.com\/blog\/wp-content\/uploads\/2018\/10\/IMG_84131-225x300.jpg\" data-large-file=\"https:\/\/www.montceautriathlon.com\/blog\/wp-content\/uploads\/2018\/10\/IMG_84131-768x1024.jpg\" loading=\"lazy\" class=\"wp-image-2363 alignleft\" src=\"http:\/\/montceautriathlon.com\/blog\/wp-content\/uploads\/2018\/10\/IMG_84131-225x300.jpg\" alt=\"\" width=\"185\" height=\"247\" srcset=\"https:\/\/www.montceautriathlon.com\/blog\/wp-content\/uploads\/2018\/10\/IMG_84131-225x300.jpg 225w, https:\/\/www.montceautriathlon.com\/blog\/wp-content\/uploads\/2018\/10\/IMG_84131.jpg 768w\" sizes=\"(max-width: 185px) 100vw, 185px\" \/><\/a><a href=\"http:\/\/montceautriathlon.com\/blog\/wp-content\/uploads\/2018\/10\/IMG_85061_01.jpg\"><img data-attachment-id=\"2362\" data-permalink=\"https:\/\/www.montceautriathlon.com\/blog\/2018\/10\/08\/sale-temps-aux-salles-sur-verdon-fallait-pas-lacher-le-guidon\/img_85061_01\/\" data-orig-file=\"https:\/\/www.montceautriathlon.com\/blog\/wp-content\/uploads\/2018\/10\/IMG_85061_01.jpg\" data-orig-size=\"719,1280\" data-comments-opened=\"1\" data-image-meta=\"{&quot;aperture&quot;:&quot;0&quot;,&quot;credit&quot;:&quot;&quot;,&quot;camera&quot;:&quot;&quot;,&quot;caption&quot;:&quot;&quot;,&quot;created_timestamp&quot;:&quot;0&quot;,&quot;copyright&quot;:&quot;&quot;,&quot;focal_length&quot;:&quot;0&quot;,&quot;iso&quot;:&quot;0&quot;,&quot;shutter_speed&quot;:&quot;0&quot;,&quot;title&quot;:&quot;&quot;,&quot;orientation&quot;:&quot;0&quot;}\" data-image-title=\"IMG_85061_01\" data-image-description=\"\" data-image-caption=\"\" data-medium-file=\"https:\/\/www.montceautriathlon.com\/blog\/wp-content\/uploads\/2018\/10\/IMG_85061_01-169x300.jpg\" data-large-file=\"https:\/\/www.montceautriathlon.com\/blog\/wp-content\/uploads\/2018\/10\/IMG_85061_01-575x1024.jpg\" loading=\"lazy\" class=\"wp-image-2362 alignleft\" src=\"http:\/\/montceautriathlon.com\/blog\/wp-content\/uploads\/2018\/10\/IMG_85061_01-169x300.jpg\" alt=\"\" width=\"128\" height=\"227\" srcset=\"https:\/\/www.montceautriathlon.com\/blog\/wp-content\/uploads\/2018\/10\/IMG_85061_01-169x300.jpg 169w, https:\/\/www.montceautriathlon.com\/blog\/wp-content\/uploads\/2018\/10\/IMG_85061_01-575x1024.jpg 575w, https:\/\/www.montceautriathlon.com\/blog\/wp-content\/uploads\/2018\/10\/IMG_85061_01.jpg 719w\" sizes=\"(max-width: 128px) 100vw, 128px\" \/><\/a><a href=\"http:\/\/montceautriathlon.com\/blog\/wp-content\/uploads\/2018\/10\/IMG_84381.jpg\"><img data-attachment-id=\"2360\" data-permalink=\"https:\/\/www.montceautriathlon.com\/blog\/2018\/10\/08\/sale-temps-aux-salles-sur-verdon-fallait-pas-lacher-le-guidon\/img_84381\/\" data-orig-file=\"https:\/\/www.montceautriathlon.com\/blog\/wp-content\/uploads\/2018\/10\/IMG_84381.jpg\" data-orig-size=\"960,1280\" data-comments-opened=\"1\" data-image-meta=\"{&quot;aperture&quot;:&quot;0&quot;,&quot;credit&quot;:&quot;&quot;,&quot;camera&quot;:&quot;&quot;,&quot;caption&quot;:&quot;&quot;,&quot;created_timestamp&quot;:&quot;0&quot;,&quot;copyright&quot;:&quot;&quot;,&quot;focal_length&quot;:&quot;0&quot;,&quot;iso&quot;:&quot;0&quot;,&quot;shutter_speed&quot;:&quot;0&quot;,&quot;title&quot;:&quot;&quot;,&quot;orientation&quot;:&quot;0&quot;}\" data-image-title=\"IMG_84381\" data-image-description=\"\" data-image-caption=\"\" data-medium-file=\"https:\/\/www.montceautriathlon.com\/blog\/wp-content\/uploads\/2018\/10\/IMG_84381-225x300.jpg\" data-large-file=\"https:\/\/www.montceautriathlon.com\/blog\/wp-content\/uploads\/2018\/10\/IMG_84381-768x1024.jpg\" loading=\"lazy\" class=\"wp-image-2360 alignright\" src=\"http:\/\/montceautriathlon.com\/blog\/wp-content\/uploads\/2018\/10\/IMG_84381-225x300.jpg\" alt=\"\" width=\"167\" height=\"223\" srcset=\"https:\/\/www.montceautriathlon.com\/blog\/wp-content\/uploads\/2018\/10\/IMG_84381-225x300.jpg 225w, https:\/\/www.montceautriathlon.com\/blog\/wp-content\/uploads\/2018\/10\/IMG_84381-768x1024.jpg 768w, https:\/\/www.montceautriathlon.com\/blog\/wp-content\/uploads\/2018\/10\/IMG_84381.jpg 960w\" sizes=\"(max-width: 167px) 100vw, 167px\" \/><\/a><\/p>\n<p>&nbsp;<\/p>\n<p>&nbsp;<\/p>\n<p>&nbsp;<\/p>\n<p>&nbsp;<\/p>\n<p>&nbsp;<\/p>\n<p>&nbsp;<\/p>\n<p>&nbsp;<\/p>\n<p>&nbsp;<\/p>\n<p>D\u00e9cid\u00e9ment, les longues distances dans le Sud n&rsquo;auront pas r\u00e9ussi \u00e0 nos triathl\u00e8tes c\u00f4t\u00e9 m\u00e9t\u00e9o. Apr\u00e8s Aix au printemps, la pluie a contraint les organisateurs \u00e0 modifier et raccourcir le parcours v\u00e9lo!<\/p>\n<p>Mais le groupe montcellien a brav\u00e9 les \u00e9l\u00e9ments et remarquons \u00e0 nouveau la belle performance de Beno\u00eet Thierry qui finit en 4h09&rsquo;15\u00a0\u00bb \u00e0 la 135\u00e8me place au scratch sur 1007 finishers !<\/p>\n<p>Confirmation par Sandrine : \u00ab\u00a0<em><a href=\"http:\/\/montceautriathlon.com\/blog\/wp-content\/uploads\/2018\/10\/IMG_84651.jpg\"><img data-attachment-id=\"2365\" data-permalink=\"https:\/\/www.montceautriathlon.com\/blog\/2018\/10\/08\/sale-temps-aux-salles-sur-verdon-fallait-pas-lacher-le-guidon\/img_84651\/\" data-orig-file=\"https:\/\/www.montceautriathlon.com\/blog\/wp-content\/uploads\/2018\/10\/IMG_84651.jpg\" data-orig-size=\"1200,1600\" data-comments-opened=\"1\" data-image-meta=\"{&quot;aperture&quot;:&quot;0&quot;,&quot;credit&quot;:&quot;&quot;,&quot;camera&quot;:&quot;&quot;,&quot;caption&quot;:&quot;&quot;,&quot;created_timestamp&quot;:&quot;0&quot;,&quot;copyright&quot;:&quot;&quot;,&quot;focal_length&quot;:&quot;0&quot;,&quot;iso&quot;:&quot;0&quot;,&quot;shutter_speed&quot;:&quot;0&quot;,&quot;title&quot;:&quot;&quot;,&quot;orientation&quot;:&quot;0&quot;}\" data-image-title=\"IMG_84651\" data-image-description=\"\" data-image-caption=\"\" data-medium-file=\"https:\/\/www.montceautriathlon.com\/blog\/wp-content\/uploads\/2018\/10\/IMG_84651-225x300.jpg\" data-large-file=\"https:\/\/www.montceautriathlon.com\/blog\/wp-content\/uploads\/2018\/10\/IMG_84651-768x1024.jpg\" loading=\"lazy\" class=\"wp-image-2365 alignright\" src=\"http:\/\/montceautriathlon.com\/blog\/wp-content\/uploads\/2018\/10\/IMG_84651-225x300.jpg\" alt=\"\" width=\"164\" height=\"219\" srcset=\"https:\/\/www.montceautriathlon.com\/blog\/wp-content\/uploads\/2018\/10\/IMG_84651-225x300.jpg 225w, https:\/\/www.montceautriathlon.com\/blog\/wp-content\/uploads\/2018\/10\/IMG_84651-768x1024.jpg 768w, https:\/\/www.montceautriathlon.com\/blog\/wp-content\/uploads\/2018\/10\/IMG_84651.jpg 1200w\" sizes=\"(max-width: 164px) 100vw, 164px\" \/><\/a><\/em><\/p>\n<pre>L'\u00e9dition 2018 a tenu toutes ses promesses!!!\r\nMontceau Triathlon \u00e9tait bien l\u00e0.\r\nLes Gorges du Verdon sont le th\u00e9\u00e2tre de ce triathlon hors norme.\r\nLes changements de temps sont rapides.\r\nSamedi sous un grand soleil se d\u00e9roulait le format M.\r\nDimanche sous un d\u00e9luge d'eau le format L...\r\nNos IRREDUCTIBLES  triathletes Montcelliens n'ont pas faillit. \r\nUn bel esprit d'\u00e9quipe et sportif .\r\nIl faut de la passion pour affronter la temp\u00eate et ils ont r\u00e9pondu pr\u00e9sents.\r\nTous finishers: \r\nSur le format M: Noseda Babette, Jusseau Valerie\r\nSur le format L: Thierry Benoit, Grivault Olivier, Ghesquiere Sandrine, \r\nMarchand Sandrine, Ghesquiere Fr\u00e9d\u00e9ric, Noseda Jean.Charles, Jusseau Pascal\r\n<a href=\"http:\/\/montceautriathlon.com\/blog\/wp-content\/uploads\/2018\/10\/IMG_72071.jpg\"><img data-attachment-id=\"2366\" data-permalink=\"https:\/\/www.montceautriathlon.com\/blog\/2018\/10\/08\/sale-temps-aux-salles-sur-verdon-fallait-pas-lacher-le-guidon\/img_72071\/\" data-orig-file=\"https:\/\/www.montceautriathlon.com\/blog\/wp-content\/uploads\/2018\/10\/IMG_72071.jpg\" data-orig-size=\"1536,2048\" data-comments-opened=\"1\" data-image-meta=\"{&quot;aperture&quot;:&quot;0&quot;,&quot;credit&quot;:&quot;&quot;,&quot;camera&quot;:&quot;&quot;,&quot;caption&quot;:&quot;&quot;,&quot;created_timestamp&quot;:&quot;0&quot;,&quot;copyright&quot;:&quot;&quot;,&quot;focal_length&quot;:&quot;0&quot;,&quot;iso&quot;:&quot;0&quot;,&quot;shutter_speed&quot;:&quot;0&quot;,&quot;title&quot;:&quot;&quot;,&quot;orientation&quot;:&quot;0&quot;}\" data-image-title=\"IMG_72071\" data-image-description=\"\" data-image-caption=\"\" data-medium-file=\"https:\/\/www.montceautriathlon.com\/blog\/wp-content\/uploads\/2018\/10\/IMG_72071-225x300.jpg\" data-large-file=\"https:\/\/www.montceautriathlon.com\/blog\/wp-content\/uploads\/2018\/10\/IMG_72071-768x1024.jpg\" loading=\"lazy\" class=\"size-medium wp-image-2366 alignright\" src=\"http:\/\/montceautriathlon.com\/blog\/wp-content\/uploads\/2018\/10\/IMG_72071-225x300.jpg\" alt=\"\" width=\"225\" height=\"300\" srcset=\"https:\/\/www.montceautriathlon.com\/blog\/wp-content\/uploads\/2018\/10\/IMG_72071-225x300.jpg 225w, https:\/\/www.montceautriathlon.com\/blog\/wp-content\/uploads\/2018\/10\/IMG_72071-768x1024.jpg 768w, https:\/\/www.montceautriathlon.com\/blog\/wp-content\/uploads\/2018\/10\/IMG_72071.jpg 1536w\" sizes=\"(max-width: 225px) 100vw, 225px\" \/><\/a>Bravo et bonne r\u00e9cup \u00e0 tous.\"<\/pre>\n<p>les r\u00e9sultats de ses \u00e9quipiers ci-dessous :<\/p>\n<ul>\n<li>Olivier Grivault 262\u00e8me au scratch en 4h23&rsquo;14\u00a0\u00bb<\/li>\n<li>Fred Ghesqui\u00e8re 786\u00e8me au scratch en 5h08&rsquo;29\u00a0\u00bb<\/li>\n<li>Sandrine Ghesqui\u00e8re 852\u00e8me au scratch en 5h16&rsquo;21\u00a0\u00bb<\/li>\n<li>J-Charles Noseda 857\u00e8me au scratch en 5h17&rsquo;26\u00a0\u00bb<\/li>\n<li>Sandrine Marchand 873\u00e8me au scratch en 5h19&rsquo;23\u00a0\u00bb<\/li>\n<li>Pascal Jusseau 901\u00e8me au scratch en 5h25&rsquo;44\u00a0\u00bb<\/li>\n<\/ul>\n<p>Sur la distance M : sur 668 finishers<\/p>\n<ul>\n<li>Elisabeth Noseda 530\u00e8me au scratch en 3h49&rsquo;08\u00a0\u00bb<\/li>\n<li>Val\u00e9rie Jusseau 574\u00e8me au scratch en 3h58&rsquo;00\u00a0\u00bb<\/li>\n<\/ul>\n","protected":false},"excerpt":{"rendered":"<p>&nbsp; &nbsp; &nbsp; &nbsp; &nbsp; &nbsp; &nbsp; &nbsp; D\u00e9cid\u00e9ment, les longues distances dans le Sud n&rsquo;auront pas r\u00e9ussi \u00e0 nos triathl\u00e8tes c\u00f4t\u00e9 m\u00e9t\u00e9o. Apr\u00e8s Aix au printemps, la pluie a contraint les organisateurs \u00e0 modifier et raccourcir le parcours v\u00e9lo! Mais le groupe montcellien a brav\u00e9 les \u00e9l\u00e9ments et remarquons \u00e0 nouveau la belle performance [&hellip;]<\/p>\n","protected":false},"author":5,"featured_media":0,"comment_status":"open","ping_status":"open","sticky":false,"template":"","format":"standard","meta":{"spay_email":"","jetpack_publicize_message":"","jetpack_is_tweetstorm":false},"categories":[1],"tags":[],"jetpack_featured_media_url":"","jetpack_publicize_connections":[],"jetpack_sharing_enabled":true,"jetpack_shortlink":"https:\/\/wp.me\/p8bwIy-By","jetpack-related-posts":[{"id":4351,"url":"https:\/\/www.montceautriathlon.com\/blog\/2021\/08\/01\/triathlon-de-lalpe-dhuez-fallait-etre-baleze\/","url_meta":{"origin":2328,"position":0},"title":"triathlon de l&rsquo;Alpe d&rsquo;Huez : fallait \u00eatre bal\u00e8ze !","date":"1 ao\u00fbt 2021","format":false,"excerpt":"Cette semaine, une petite dizaine de triathl\u00e8tes montcelliens avait d\u00e9cid\u00e9 de s'aligner sur les mythiques 21 lacets de la station. Pascal sur un duathlon sprint (6,5-15-5,5) le mercredi avec un joli final sur la deuxi\u00e8me partie termine en un peu plus de deux heures. Le jeudi, ils \u00e9taient six (Alice,\u2026","rel":"","context":"Dans &quot;Non class\u00e9&quot;","img":{"alt_text":"","src":"https:\/\/i1.wp.com\/www.montceautriathlon.com\/blog\/wp-content\/uploads\/2021\/08\/IMG-20210729-WA0023.jpg?resize=350%2C200&ssl=1","width":350,"height":200},"classes":[]},{"id":1908,"url":"https:\/\/www.montceautriathlon.com\/blog\/2018\/04\/27\/stage-et-vacances-dans-le-verdon\/","url_meta":{"origin":2328,"position":1},"title":"Stage et vacances dans le Verdon !","date":"27 avril 2018","format":false,"excerpt":"De nombreux triathl\u00e8tes du club avec leur famille se sont donc rendus \u00e0 R\u00e9gusse en cette deuxi\u00e8me semaine de vacances scolaires. Quel bon et heureux choix ! Un site magnifique : les lacs et les gorges du Verdon avec une\u00a0 m\u00e9t\u00e9o royale ! Beno\u00eet et Sandrine, nos GO ador\u00e9s, nous\u2026","rel":"","context":"Dans &quot;Non class\u00e9&quot;","img":{"alt_text":"","src":"","width":0,"height":0},"classes":[]},{"id":2635,"url":"https:\/\/www.montceautriathlon.com\/blog\/2019\/03\/11\/9-et-10-03-19-trail-des-trois-chateaux-ce-netait-pas-du-gateau\/","url_meta":{"origin":2328,"position":2},"title":"9 et 10\/03\/19, Trail des trois Ch\u00e2teaux : ce n&rsquo;\u00e9tait pas du g\u00e2teau !","date":"11 mars 2019","format":false,"excerpt":"Apr\u00e8s le caviar de Montbeliard, le g\u00e2teau des Trois Ch\u00e2teaux ! Et l\u00e0 aussi, le vent en rafales et la pluie ont oblig\u00e9 les quelques trailers du clubs \u00e0 sortir les biscotos pour un effort pas si mod\u00e9rato que \u00e7\u00e0 ! Bref une nouvelle fois une mention particuli\u00e8re \u00e0 Cyrille\u2026","rel":"","context":"Dans &quot;Non class\u00e9&quot;","img":{"alt_text":"","src":"","width":0,"height":0},"classes":[]},{"id":2618,"url":"https:\/\/www.montceautriathlon.com\/blog\/2019\/02\/12\/10-02-19-bike-run-migennes-contre-vent-et-maree\/","url_meta":{"origin":2328,"position":3},"title":"10\/02\/19, Bike &#038; Run Migennes : contre vent et mar\u00e9e !","date":"12 f\u00e9vrier 2019","format":false,"excerpt":"Il fallait avoir du courage pour affronter les \u00e9l\u00e9ments ce dimanche \u00e0 Migennes. Mais il en fallait plus pour d\u00e9motiver nos Lionnes et nos Z\u00e9bulons ! Bravo les jeunes ! en J1 sur les huit \u00e9quipes engag\u00e9es sur la course, Zo\u00e9 da Eira et Lou Grivault terminent 2\u00e8me \u00e9quipe f\u00e9minine\u00a0\u2026","rel":"","context":"Dans &quot;Non class\u00e9&quot;","img":{"alt_text":"","src":"","width":0,"height":0},"classes":[]},{"id":3359,"url":"https:\/\/www.montceautriathlon.com\/blog\/2019\/11\/26\/24-11-19-bike-run-de-dole-ils-nont-pas-perdu-la-boussole\/","url_meta":{"origin":2328,"position":4},"title":"24\/11\/19, bike &#038; run de Dole : En mixte, on rigole !","date":"26 novembre 2019","format":false,"excerpt":"L'\u00e9quipe mixte des J1, sur la plus haute marche du podium\u00a0 ! Bravo El\u00e9a B\u00e9rardan et Titouan Rondier\u00a0 tyrannosaures\u00a0 de choc ! Marine Da Eira et Marius Grivault sur la deuxi\u00e8me marche du podium J2, presque comme ils le voulaient et Arnaud Rondier et Sophie Rousseau les fid\u00e8les accompagnateurs sur\u2026","rel":"","context":"Dans &quot;Non class\u00e9&quot;","img":{"alt_text":"","src":"","width":0,"height":0},"classes":[]},{"id":5579,"url":"https:\/\/www.montceautriathlon.com\/blog\/2023\/03\/06\/class-triathlon-interclubs\/","url_meta":{"origin":2328,"position":5},"title":"CLASS TRIATHLON INTERCLUBS","date":"6 mars 2023","format":false,"excerpt":"Le dimanche 26 f\u00e9vrier ont eu lieu les class triathlon interclubs organis\u00e9s par M\u00e2con Triathlon et le comit\u00e9 d\u00e9partemental.Ce sont des prises de temps pour les benjamin(e)s, minimes, cadet(te)s et junior(e)s en course \u00e0 pied et natation. 16 jeunes du club ont fait le d\u00e9placement.Apr\u00e8s une matin\u00e9e tr\u00e8s venteuse sur\u2026","rel":"","context":"Dans &quot;Non class\u00e9&quot;","img":{"alt_text":"","src":"https:\/\/i0.wp.com\/www.montceautriathlon.com\/blog\/wp-content\/uploads\/2023\/03\/IMG_3824.CR2_.jpg?resize=350%2C200&ssl=1","width":350,"height":200},"classes":[]}],"_links":{"self":[{"href":"https:\/\/www.montceautriathlon.com\/blog\/wp-json\/wp\/v2\/posts\/2328"}],"collection":[{"href":"https:\/\/www.montceautriathlon.com\/blog\/wp-json\/wp\/v2\/posts"}],"about":[{"href":"https:\/\/www.montceautriathlon.com\/blog\/wp-json\/wp\/v2\/types\/post"}],"author":[{"embeddable":true,"href":"https:\/\/www.montceautriathlon.com\/blog\/wp-json\/wp\/v2\/users\/5"}],"replies":[{"embeddable":true,"href":"https:\/\/www.montceautriathlon.com\/blog\/wp-json\/wp\/v2\/comments?post=2328"}],"version-history":[{"count":6,"href":"https:\/\/www.montceautriathlon.com\/blog\/wp-json\/wp\/v2\/posts\/2328\/revisions"}],"predecessor-version":[{"id":2368,"href":"https:\/\/www.montceautriathlon.com\/blog\/wp-json\/wp\/v2\/posts\/2328\/revisions\/2368"}],"wp:attachment":[{"href":"https:\/\/www.montceautriathlon.com\/blog\/wp-json\/wp\/v2\/media?parent=2328"}],"wp:term":[{"taxonomy":"category","embeddable":true,"href":"https:\/\/www.montceautriathlon.com\/blog\/wp-json\/wp\/v2\/categories?post=2328"},{"taxonomy":"post_tag","embeddable":true,"href":"https:\/\/www.montceautriathlon.com\/blog\/wp-json\/wp\/v2\/tags?post=2328"}],"curies":[{"name":"wp","href":"https:\/\/api.w.org\/{rel}","templated":true}]}}