{"id":2319,"date":"2018-10-08T14:33:08","date_gmt":"2018-10-08T13:33:08","guid":{"rendered":"http:\/\/montceautriathlon.com\/blog\/?p=2319"},"modified":"2018-10-08T14:33:08","modified_gmt":"2018-10-08T13:33:08","slug":"ni-bizuts-ni-zozos-au-cyclathlon-des-bizots-le-club-en-force-sur-cette-epreuve","status":"publish","type":"post","link":"https:\/\/www.montceautriathlon.com\/blog\/2018\/10\/08\/ni-bizuts-ni-zozos-au-cyclathlon-des-bizots-le-club-en-force-sur-cette-epreuve\/","title":{"rendered":"Ni bizuts, ni zozos au cyclathlon des Bizots: le club en force sur cette \u00e9preuve !"},"content":{"rendered":"<p><a href=\"http:\/\/montceautriathlon.com\/blog\/wp-content\/uploads\/2018\/10\/les-bizots-1.jpg\"><img data-attachment-id=\"2321\" data-permalink=\"https:\/\/www.montceautriathlon.com\/blog\/2018\/10\/08\/ni-bizuts-ni-zozos-au-cyclathlon-des-bizots-le-club-en-force-sur-cette-epreuve\/les-bizots-1\/\" data-orig-file=\"https:\/\/www.montceautriathlon.com\/blog\/wp-content\/uploads\/2018\/10\/les-bizots-1.jpg\" data-orig-size=\"531,448\" data-comments-opened=\"1\" data-image-meta=\"{&quot;aperture&quot;:&quot;0&quot;,&quot;credit&quot;:&quot;&quot;,&quot;camera&quot;:&quot;&quot;,&quot;caption&quot;:&quot;&quot;,&quot;created_timestamp&quot;:&quot;0&quot;,&quot;copyright&quot;:&quot;&quot;,&quot;focal_length&quot;:&quot;0&quot;,&quot;iso&quot;:&quot;0&quot;,&quot;shutter_speed&quot;:&quot;0&quot;,&quot;title&quot;:&quot;&quot;,&quot;orientation&quot;:&quot;1&quot;}\" data-image-title=\"les bizots 1\" data-image-description=\"\" data-image-caption=\"\" data-medium-file=\"https:\/\/www.montceautriathlon.com\/blog\/wp-content\/uploads\/2018\/10\/les-bizots-1-300x253.jpg\" data-large-file=\"https:\/\/www.montceautriathlon.com\/blog\/wp-content\/uploads\/2018\/10\/les-bizots-1.jpg\" loading=\"lazy\" class=\"size-medium wp-image-2321 alignleft\" src=\"http:\/\/montceautriathlon.com\/blog\/wp-content\/uploads\/2018\/10\/les-bizots-1-300x253.jpg\" alt=\"\" width=\"300\" height=\"253\" srcset=\"https:\/\/www.montceautriathlon.com\/blog\/wp-content\/uploads\/2018\/10\/les-bizots-1-300x253.jpg 300w, https:\/\/www.montceautriathlon.com\/blog\/wp-content\/uploads\/2018\/10\/les-bizots-1.jpg 531w\" sizes=\"(max-width: 300px) 100vw, 300px\" \/><\/a><a href=\"http:\/\/montceautriathlon.com\/blog\/wp-content\/uploads\/2018\/10\/les-bizots-2.jpg\"><img data-attachment-id=\"2320\" data-permalink=\"https:\/\/www.montceautriathlon.com\/blog\/2018\/10\/08\/ni-bizuts-ni-zozos-au-cyclathlon-des-bizots-le-club-en-force-sur-cette-epreuve\/les-bizots-2\/\" data-orig-file=\"https:\/\/www.montceautriathlon.com\/blog\/wp-content\/uploads\/2018\/10\/les-bizots-2.jpg\" data-orig-size=\"388,401\" data-comments-opened=\"1\" data-image-meta=\"{&quot;aperture&quot;:&quot;0&quot;,&quot;credit&quot;:&quot;&quot;,&quot;camera&quot;:&quot;&quot;,&quot;caption&quot;:&quot;&quot;,&quot;created_timestamp&quot;:&quot;0&quot;,&quot;copyright&quot;:&quot;&quot;,&quot;focal_length&quot;:&quot;0&quot;,&quot;iso&quot;:&quot;0&quot;,&quot;shutter_speed&quot;:&quot;0&quot;,&quot;title&quot;:&quot;&quot;,&quot;orientation&quot;:&quot;1&quot;}\" data-image-title=\"les bizots 2\" data-image-description=\"\" data-image-caption=\"\" data-medium-file=\"https:\/\/www.montceautriathlon.com\/blog\/wp-content\/uploads\/2018\/10\/les-bizots-2-290x300.jpg\" data-large-file=\"https:\/\/www.montceautriathlon.com\/blog\/wp-content\/uploads\/2018\/10\/les-bizots-2.jpg\" loading=\"lazy\" class=\" wp-image-2320 alignright\" src=\"http:\/\/montceautriathlon.com\/blog\/wp-content\/uploads\/2018\/10\/les-bizots-2-290x300.jpg\" alt=\"\" width=\"246\" height=\"254\" srcset=\"https:\/\/www.montceautriathlon.com\/blog\/wp-content\/uploads\/2018\/10\/les-bizots-2-290x300.jpg 290w, https:\/\/www.montceautriathlon.com\/blog\/wp-content\/uploads\/2018\/10\/les-bizots-2.jpg 388w\" sizes=\"(max-width: 246px) 100vw, 246px\" \/><\/a>\u00a0\u00a0\u00a0\u00a0\u00a0\u00a0\u00a0\u00a0\u00a0\u00a0\u00a0\u00a0\u00a0\u00a0\u00a0\u00a0\u00a0\u00a0 De nombreux triathl\u00e8tes du club ont fait le court\u00a0d\u00e9placement aux Bizots pour ce (maintenant habituel) cyclathlon. Le soleil n&rsquo;\u00e9tait plus au rendez-vous ce qui n&rsquo;a pas emp\u00each\u00e9 de belles perfs tant en individuel qu&rsquo;en relais des membres du club. Donc 9km \u00e0 pieds et 23 \u00e0 v\u00e9lo, encore une belle pr\u00e9paration au duathlon !<\/p>\n<p><strong>Victoire<\/strong> pour Catherine Mauro et Martine Bonnardot en relais F, <strong>victoire<\/strong> en relais mixte pour Baptiste Gueugneau et Marion Raclot et 2\u00e8me place pour Nicolas Gallarati et Ludivine Lequin, belle 3\u00e8me place en individuel pour Baptiste Gueugneau, 6\u00e8me pour Jason Lecat et 7\u00e8me pour Laurent Magnien. A noter aussi la belle 3\u00e8me place de Kevin Dorkel sur la partie p\u00e9destre. Bravo \u00e0 tous les autres courageux !<\/p>\n<p>r\u00e9sultats et photos dans l&rsquo;article de Montceau-news :<\/p>\n<p><a href=\"http:\/\/montceau-news.com\/sports\/randonnee\/492551-les-amis-dantoine-pelletier-les-bizots-3.html\">http:\/\/montceau-news.com\/sports\/randonnee\/492551-les-amis-dantoine-pelletier-les-bizots-3.html<\/a><\/p>\n<p>&nbsp;<\/p>\n","protected":false},"excerpt":{"rendered":"<p>\u00a0\u00a0\u00a0\u00a0\u00a0\u00a0\u00a0\u00a0\u00a0\u00a0\u00a0\u00a0\u00a0\u00a0\u00a0\u00a0\u00a0\u00a0 De nombreux triathl\u00e8tes du club ont fait le court\u00a0d\u00e9placement aux Bizots pour ce (maintenant habituel) cyclathlon. Le soleil n&rsquo;\u00e9tait plus au rendez-vous ce qui n&rsquo;a pas emp\u00each\u00e9 de belles perfs tant en individuel qu&rsquo;en relais des membres du club. Donc 9km \u00e0 pieds et 23 \u00e0 v\u00e9lo, encore une belle pr\u00e9paration au duathlon ! [&hellip;]<\/p>\n","protected":false},"author":5,"featured_media":0,"comment_status":"open","ping_status":"open","sticky":false,"template":"","format":"standard","meta":{"spay_email":"","jetpack_publicize_message":"","jetpack_is_tweetstorm":false},"categories":[1],"tags":[],"jetpack_featured_media_url":"","jetpack_publicize_connections":[],"jetpack_sharing_enabled":true,"jetpack_shortlink":"https:\/\/wp.me\/p8bwIy-Bp","jetpack-related-posts":[{"id":901,"url":"https:\/\/www.montceautriathlon.com\/blog\/2016\/10\/11\/resultats-du-cyclathlon-des-bizots-dimanche-09-octobre-2016\/","url_meta":{"origin":2319,"position":0},"title":"R\u00e9sultats du cyclathlon des Bizots (Dimanche 09 octobre 2016)","date":"11 octobre 2016","format":false,"excerpt":"Ce dimanche a eu lieu le 4\u00e8me cyclathlon des Bizots avec la participation de quelques triathl\u00e8tes du club. Il a\u00a0rassembl\u00e9 au total 30 \u00e9quipes et 20 individuels sur le parcours habituel entre le bourg des Bizots et le lac de la Sorme. Une vingtaine d\u2019enfants\u00a0ont particip\u00e9 en ouverture \u00e0 la\u2026","rel":"","context":"Dans &quot;Non class\u00e9&quot;","img":{"alt_text":"","src":"","width":0,"height":0},"classes":[]},{"id":6251,"url":"https:\/\/www.montceautriathlon.com\/blog\/2023\/10\/02\/les-triathletes-montcelliens-sur-tous-les-fronts\/","url_meta":{"origin":2319,"position":1},"title":"Les triathl\u00e8tes montcelliens sur tous les fronts.","date":"2 octobre 2023","format":false,"excerpt":"Ce premier dimanche d'octobre, les triathl\u00e8tes ont particip\u00e9 \u00e0 diverses \u00e9preuves. Nous avons pu les retrouver \u00e0 Chen\u00f4ve pour le cross duathlon organis\u00e9 par le club de Chen\u00f4ve triathlon, aux Bizots pour le cyclathlon, \u00e0 Bourg en Bresse pour la cyclosportive La Bisou ou encore dans le Jura pour le\u2026","rel":"","context":"Dans &quot;Non class\u00e9&quot;","img":{"alt_text":"","src":"https:\/\/i0.wp.com\/www.montceautriathlon.com\/blog\/wp-content\/uploads\/2023\/10\/IMG_9010-scaled.jpeg?resize=350%2C200&ssl=1","width":350,"height":200},"classes":[]},{"id":1577,"url":"https:\/\/www.montceautriathlon.com\/blog\/2017\/10\/08\/cyclathlon-des-bizots-dimanche-08-octobre-2017\/","url_meta":{"origin":2319,"position":2},"title":"Cyclathlon des Bizots (Dimanche 08 octobre 2017)","date":"8 octobre 2017","format":false,"excerpt":"Pour sa 5i\u00e8me \u00e9dition, le cyclathlon des Bizots n'a\u00a0malheureusement pas rencontr\u00e9 un grand succ\u00e8s au niveau de la participation. Heureusement que le club de Montceau Triathlon s'est d\u00e9plac\u00e9\u00a0en nombre pour rendre, cette belle compl\u00e9tion, un peu plus int\u00e9ressante. Tous les r\u00e9sultats: 36 \u00e9quipes\/individuels engag\u00e9s Aude DEMORTIERE\/Geoffrey CASCIELLO : 7\u00b0 scratch\u2026","rel":"","context":"Dans &quot;Non class\u00e9&quot;","img":{"alt_text":"","src":"","width":0,"height":0},"classes":[]},{"id":8303,"url":"https:\/\/www.montceautriathlon.com\/blog\/2025\/10\/20\/premier-week-end-doctobre-utmj-run-in-lyon-triathlon-carqueiranne\/","url_meta":{"origin":2319,"position":3},"title":"Premier week end d&rsquo;Octobre: UTMJ, Run in Lyon, Triathlon Carqueiranne, cyclathlon des Bizots","date":"20 octobre 2025","format":false,"excerpt":"Samedi 4 octobre, 2 triathl\u00e8tes montcelliens ont d\u00e9fi\u00e9 le mauvais temps dans les montagnes du Jura. Sandrine Ghesqui\u00e8re s'est engag\u00e9e sur le 105km de l'ultra trail des montagnes du Jura. Apr\u00e8s un changement de parcours \u00e0 la derni\u00e8re minute \u00e0 cause de conditions trop dangereuses, , Sandrine boucle les 90km\u2026","rel":"","context":"Dans &quot;Non class\u00e9&quot;","img":{"alt_text":"","src":"https:\/\/i2.wp.com\/www.montceautriathlon.com\/blog\/wp-content\/uploads\/2025\/10\/557642104_1475656513475068_5211544675592258598_n.jpg?resize=350%2C200&ssl=1","width":350,"height":200},"classes":[]},{"id":7160,"url":"https:\/\/www.montceautriathlon.com\/blog\/2024\/12\/04\/les-triathletes-courent\/","url_meta":{"origin":2319,"position":4},"title":"Les triathl\u00e8tes courent&#8230;","date":"4 d\u00e9cembre 2024","format":false,"excerpt":"La saison des triathlons touche \u00e0 sa fin. Les triathl\u00e8tes montcelliens se retrouvent donc sur d'autres manifestations. Ils marchent...ils courent... En octobre et novembre, les montcelliens ont particip\u00e9s: Octobre Rose: des triathl\u00e8tes f\u00e9minines se sont retrouv\u00e9es \u00e0 Blanzy le 6 octobre pour participer \u00e0 la randonn\u00e9e propos\u00e9e par la ville\u2026","rel":"","context":"Dans &quot;Non class\u00e9&quot;","img":{"alt_text":"","src":"https:\/\/i0.wp.com\/www.montceautriathlon.com\/blog\/wp-content\/uploads\/2024\/12\/octobre-rose.jpg?resize=350%2C200&ssl=1","width":350,"height":200},"classes":[]},{"id":5147,"url":"https:\/\/www.montceautriathlon.com\/blog\/2022\/07\/01\/triathlon-du-lac-de-st-point-pres-de-pontarlier-macon-cest-ce-week-end\/","url_meta":{"origin":2319,"position":5},"title":"Triathlon du lac de St Point : Pr\u00e8s de Pontarlier ! M\u00e2con c&rsquo;est ce week-end !","date":"1 juillet 2022","format":false,"excerpt":"Quelques jeunes du club ont fait le d\u00e9placement pr\u00e8s de Pontarlier avec Sophie et se sont align\u00e9s sur des courses jeunes et des courses relais. A signaler la nouvelle victoire de Berteline sur la course J1 dans sa cat\u00e9gorie(scratch M+F) . Une belle 3\u00e8me place F\u00e9minine d'Axelle en pupilles F.\u2026","rel":"","context":"Dans &quot;Non class\u00e9&quot;","img":{"alt_text":"","src":"https:\/\/i2.wp.com\/www.montceautriathlon.com\/blog\/wp-content\/uploads\/2022\/07\/St-Point-scaled.jpg?resize=350%2C200&ssl=1","width":350,"height":200},"classes":[]}],"_links":{"self":[{"href":"https:\/\/www.montceautriathlon.com\/blog\/wp-json\/wp\/v2\/posts\/2319"}],"collection":[{"href":"https:\/\/www.montceautriathlon.com\/blog\/wp-json\/wp\/v2\/posts"}],"about":[{"href":"https:\/\/www.montceautriathlon.com\/blog\/wp-json\/wp\/v2\/types\/post"}],"author":[{"embeddable":true,"href":"https:\/\/www.montceautriathlon.com\/blog\/wp-json\/wp\/v2\/users\/5"}],"replies":[{"embeddable":true,"href":"https:\/\/www.montceautriathlon.com\/blog\/wp-json\/wp\/v2\/comments?post=2319"}],"version-history":[{"count":5,"href":"https:\/\/www.montceautriathlon.com\/blog\/wp-json\/wp\/v2\/posts\/2319\/revisions"}],"predecessor-version":[{"id":2326,"href":"https:\/\/www.montceautriathlon.com\/blog\/wp-json\/wp\/v2\/posts\/2319\/revisions\/2326"}],"wp:attachment":[{"href":"https:\/\/www.montceautriathlon.com\/blog\/wp-json\/wp\/v2\/media?parent=2319"}],"wp:term":[{"taxonomy":"category","embeddable":true,"href":"https:\/\/www.montceautriathlon.com\/blog\/wp-json\/wp\/v2\/categories?post=2319"},{"taxonomy":"post_tag","embeddable":true,"href":"https:\/\/www.montceautriathlon.com\/blog\/wp-json\/wp\/v2\/tags?post=2319"}],"curies":[{"name":"wp","href":"https:\/\/api.w.org\/{rel}","templated":true}]}}