{"id":2315,"date":"2018-10-06T13:24:47","date_gmt":"2018-10-06T12:24:47","guid":{"rendered":"http:\/\/montceautriathlon.com\/blog\/?p=2315"},"modified":"2018-10-08T14:38:30","modified_gmt":"2018-10-08T13:38:30","slug":"finale-d2-duathlon-paris-au-bois-de-boulogne-les-clients-ne-manquaient-pas","status":"publish","type":"post","link":"https:\/\/www.montceautriathlon.com\/blog\/2018\/10\/06\/finale-d2-duathlon-paris-au-bois-de-boulogne-les-clients-ne-manquaient-pas\/","title":{"rendered":"Finale D2 Duathlon Paris : Au bois de Boulogne, les clients ne manquaient pas ! !"},"content":{"rendered":"<p><a href=\"http:\/\/montceautriathlon.com\/blog\/wp-content\/uploads\/2018\/10\/duathlon-Paris.jpg\"><img data-attachment-id=\"2310\" data-permalink=\"https:\/\/www.montceautriathlon.com\/blog\/2018\/10\/06\/emmene-moi-au-pays-paladru-22-09-18\/duathlon-paris\/\" data-orig-file=\"https:\/\/www.montceautriathlon.com\/blog\/wp-content\/uploads\/2018\/10\/duathlon-Paris.jpg\" data-orig-size=\"480,480\" data-comments-opened=\"1\" data-image-meta=\"{&quot;aperture&quot;:&quot;0&quot;,&quot;credit&quot;:&quot;&quot;,&quot;camera&quot;:&quot;&quot;,&quot;caption&quot;:&quot;&quot;,&quot;created_timestamp&quot;:&quot;0&quot;,&quot;copyright&quot;:&quot;&quot;,&quot;focal_length&quot;:&quot;0&quot;,&quot;iso&quot;:&quot;0&quot;,&quot;shutter_speed&quot;:&quot;0&quot;,&quot;title&quot;:&quot;&quot;,&quot;orientation&quot;:&quot;0&quot;}\" data-image-title=\"duathlon Paris\" data-image-description=\"\" data-image-caption=\"\" data-medium-file=\"https:\/\/www.montceautriathlon.com\/blog\/wp-content\/uploads\/2018\/10\/duathlon-Paris-300x300.jpg\" data-large-file=\"https:\/\/www.montceautriathlon.com\/blog\/wp-content\/uploads\/2018\/10\/duathlon-Paris.jpg\" loading=\"lazy\" class=\" wp-image-2310 alignleft\" src=\"http:\/\/montceautriathlon.com\/blog\/wp-content\/uploads\/2018\/10\/duathlon-Paris-300x300.jpg\" alt=\"\" width=\"255\" height=\"255\" srcset=\"https:\/\/www.montceautriathlon.com\/blog\/wp-content\/uploads\/2018\/10\/duathlon-Paris-300x300.jpg 300w, https:\/\/www.montceautriathlon.com\/blog\/wp-content\/uploads\/2018\/10\/duathlon-Paris-150x150.jpg 150w, https:\/\/www.montceautriathlon.com\/blog\/wp-content\/uploads\/2018\/10\/duathlon-Paris.jpg 480w\" sizes=\"(max-width: 255px) 100vw, 255px\" \/><\/a><\/p>\n<p>Une fois de plus, notre \u00e9quipe f\u00e9minine s&rsquo;est frott\u00e9e au haut niveau de la discipline et s&rsquo;est somme toute bien adapt\u00e9e avec une honorable 13\u00e8me place sur les dix-sept engag\u00e9es. Et c&rsquo;est Ludivine avec une belle 23\u00e8me place en v\u00e9lo qui en f\u00fbt le fer de lance !<\/p>\n<p>Bravo \u00e0 toutes ! Et un grand merci \u00e0 coach Nico, imperturbable sur le trottoir, sachant chaque fois qu&rsquo;il le fallait,\u00a0 booster, encourager et motiver l&rsquo;\u00e9quipe !<\/p>\n<p><em>(merci Catherine pour les infos)<\/em><\/p>\n<p>les r\u00e9sultats en suivant le lien :<\/p>\n<p><a href=\"http:\/\/www.prolivesport.fr\/live-grand-prix-duathlon-2018\/paris\/D2F\/classement-etape.html\">http:\/\/www.prolivesport.fr\/live-grand-prix-duathlon-2018\/paris\/D2F\/classement-etape.html<\/a><\/p>\n<p>un bel article sur Montceau-news :<\/p>\n<p><a href=\"http:\/\/montceau-news.com\/montceau_et_sa_region\/492037-montceau-triathlon-17.html\">http:\/\/montceau-news.com\/montceau_et_sa_region\/492037-montceau-triathlon-17.html<\/a><\/p>\n<p>&nbsp;<\/p>\n<p>&nbsp;<\/p>\n<p>&nbsp;<\/p>\n","protected":false},"excerpt":{"rendered":"<p>Une fois de plus, notre \u00e9quipe f\u00e9minine s&rsquo;est frott\u00e9e au haut niveau de la discipline et s&rsquo;est somme toute bien adapt\u00e9e avec une honorable 13\u00e8me place sur les dix-sept engag\u00e9es. Et c&rsquo;est Ludivine avec une belle 23\u00e8me place en v\u00e9lo qui en f\u00fbt le fer de lance ! Bravo \u00e0 toutes ! Et un grand [&hellip;]<\/p>\n","protected":false},"author":5,"featured_media":0,"comment_status":"open","ping_status":"open","sticky":false,"template":"","format":"standard","meta":{"spay_email":"","jetpack_publicize_message":"","jetpack_is_tweetstorm":false},"categories":[1],"tags":[],"jetpack_featured_media_url":"","jetpack_publicize_connections":[],"jetpack_sharing_enabled":true,"jetpack_shortlink":"https:\/\/wp.me\/p8bwIy-Bl","jetpack-related-posts":[{"id":906,"url":"https:\/\/www.montceautriathlon.com\/blog\/2016\/10\/12\/coupe-de-france-de-triathlon-et-duathlon-a-la-roche-sur-yon-0809-octobre-2016\/","url_meta":{"origin":2315,"position":0},"title":"Coupe de France de Triathlon et Duathlon \u00e0 La Roche-sur-Yon (08&#038;09 octobre 2016)","date":"12 octobre 2016","format":false,"excerpt":"La coupe de France des clubs s'est d\u00e9roul\u00e9e cette ann\u00e9e \u00e0 la Roche-sur-Yon. 3 \u00e9quipes ont fait le d\u00e9placement. Une \u00e9quipe de Triathlon f\u00e9minin, une \u00e9quipe de Duathlon f\u00e9minin et une \u00e9quipe jeune. L'\u00e9quipe de Triathlon compos\u00e9e de Nicole Lukowitz, Sophie Rousseau, Fabienne Vaudelin et H\u00e9l\u00e8ne Touillon a ouvert le\u2026","rel":"","context":"Dans &quot;Non class\u00e9&quot;","img":{"alt_text":"","src":"","width":0,"height":0},"classes":[]},{"id":4300,"url":"https:\/\/www.montceautriathlon.com\/blog\/2021\/07\/05\/montceau-triathlon-sur-tous-les-fronts\/","url_meta":{"origin":2315,"position":1},"title":"Montceau Triathlon sur tous les fronts !","date":"5 juillet 2021","format":false,"excerpt":"Ce week-end du 4 juillet, les couleurs du club auront brill\u00e9 de Xonrupt, \u00e0 M\u00e2con en passant par Gu\u00e9ret et les Sable d'Olonne. Des jeunes, des relais, du half Iron man, de l'Xterra, du swimrun, du duathlon, du CLM par \u00e9quipe. Toute la diversit\u00e9 des disciplines encha\u00een\u00e9es port\u00e9e par nos\u2026","rel":"","context":"Dans &quot;Non class\u00e9&quot;","img":{"alt_text":"","src":"https:\/\/i2.wp.com\/www.montceautriathlon.com\/blog\/wp-content\/uploads\/2021\/07\/IMG-20210703-WA0010.jpg?resize=350%2C200&ssl=1","width":350,"height":200},"classes":[]},{"id":4556,"url":"https:\/\/www.montceautriathlon.com\/blog\/2021\/09\/26\/sur-tous-les-fronts-dans-les-episodes-precedents\/","url_meta":{"origin":2315,"position":2},"title":"Sur tous les fronts : dans les \u00e9pisodes pr\u00e9c\u00e9dents !","date":"26 septembre 2021","format":false,"excerpt":"Peut-\u00eatre n'avez vous pas suivi l'actualit\u00e9 de nos licenci\u00e9s engag\u00e9s sur les comp\u00e9titions du W-E dernier et de ce dernier samedi : petit patchwork de r\u00e9sultats et d'images ! Le triathlon de Seurre dimanche dernier s'est transform\u00e9 en duathlon et quelques jeunes \u00e9taient engag\u00e9s en J2; Belle performance d'Oscar Turpin\u2026","rel":"","context":"Dans &quot;Non class\u00e9&quot;","img":{"alt_text":"","src":"https:\/\/i0.wp.com\/www.montceautriathlon.com\/blog\/wp-content\/uploads\/2021\/09\/Marius.jpg?resize=350%2C200&ssl=1","width":350,"height":200},"classes":[]},{"id":3717,"url":"https:\/\/www.montceautriathlon.com\/blog\/2020\/07\/28\/26-juilletweek-end-aux-grands-parcs-succes-de-lanimation-duathlon\/","url_meta":{"origin":2315,"position":3},"title":"26 juillet,week-end aux Grands Parcs : succ\u00e8s de l&rsquo;animation duathlon","date":"28 juillet 2020","format":false,"excerpt":"Ce dimanche 26 juillet, le club a propos\u00e9 une initiation duathlon dans le cadre de l'animation propos\u00e9e par la municipalit\u00e9 de Montceau au beau milieu de la petite ferme. De nombreuses familles \u00e9taient pr\u00e9sentes sur site. Cette animation avec parcours de maniabilit\u00e9 du v\u00e9lo et mini encha\u00eenement duathlon a \u00e9t\u00e9\u2026","rel":"","context":"Dans &quot;Non class\u00e9&quot;","img":{"alt_text":"","src":"https:\/\/i1.wp.com\/montceautriathlon.com\/blog\/wp-content\/uploads\/2020\/07\/WE-GP-1-300x225.jpg?resize=350%2C200","width":350,"height":200},"classes":[]},{"id":2278,"url":"https:\/\/www.montceautriathlon.com\/blog\/2018\/09\/25\/clm-de-nanton-une-bonne-preparation-pour-les-filles-du-duathlon\/","url_meta":{"origin":2315,"position":4},"title":"CLM de NANTON : une bonne pr\u00e9paration pour les filles du duathlon !","date":"25 septembre 2018","format":false,"excerpt":"Dimanche 23 septembre 2018, l\u2019Union V\u00e9locip\u00e9dique Chalonnaise\u00a0a organis\u00e9 le contre la montre de\u00a0Nanton, championnat FSGT 71 par \u00e9quipes de 4 pour les \u00e9quipes de clubs cyclistes Fsgt mais ouvert \u00e0 tous. 50 \u00e9quipes \u00e9taient au d\u00e9part dont 2 de Montceau Triathlon.\u00a0La meilleure \u00e9quipe finit les 21 km en 25\u201955\u201d81.\u00a0 \u00a0\u00a0\u00a0\u00a0\u00a0\u00a0\u00a0\u00a0\u00a0\u00a0\u00a0\u00a0\u00a0\u00a0\u00a0\u00a0\u00a0\u00a0\u00a0\u00a0\u00a0\u00a0\u00a0\u00a0\u00a0\u00a0\u00a0\u00a0\u00a0\u00a0\u00a0\u00a0\u00a0\u00a0\u00a0\u00a0\u00a0\u00a0\u00a0\u00a0\u00a0\u00a0\u00a0\u00a0\u00a0\u00a0\u00a0\u00a0\u00a0\u00a0\u00a0\u00a0\u00a0\u00a0\u00a0\u00a0\u00a0\u00a0\u00a0\u00a0\u00a0\u00a0\u00a0\u00a0\u00a0\u00a0\u00a0\u00a0\u00a0\u00a0\u00a0\u00a0\u00a0\u00a0\u00a0\u00a0\u00a0\u00a0\u00a0\u00a0\u00a0\u00a0\u00a0\u00a0\u00a0\u00a0\u00a0\u00a0\u00a0\u00a0\u00a0\u00a0\u00a0\u00a0\u00a0\u00a0\u00a0\u00a0\u00a0\u00a0\u00a0\u00a0\u00a0\u00a0\u00a0\u00a0\u00a0\u00a0\u00a0\u00a0\u00a0\u00a0\u00a0\u00a0\u00a0\u00a0\u00a0\u00a0\u00a0\u00a0\u00a0\u00a0\u00a0\u00a0\u00a0\u00a0\u00a0\u00a0\u00a0\u00a0\u00a0\u00a0\u00a0\u00a0\u00a0\u00a0\u00a0\u00a0\u00a0\u00a0\u00a0\u00a0\u00a0\u00a0\u00a0\u00a0\u00a0\u00a0\u00a0\u00a0\u00a0\u00a0\u00a0\u00a0\u00a0\u00a0\u00a0\u00a0\u00a0\u00a0\u00a0\u00a0\u00a0\u00a0\u00a0\u00a0\u00a0\u00a0\u00a0\u00a0\u00a0\u00a0\u00a0\u00a0\u00a0\u00a0\u00a0\u00a0\u00a0\u00a0\u00a0\u00a0\u00a0\u00a0\u00a0\u00a0\u00a0\u00a0\u00a0\u2026","rel":"","context":"Dans &quot;Non class\u00e9&quot;","img":{"alt_text":"","src":"https:\/\/i0.wp.com\/montceautriathlon.com\/blog\/wp-content\/uploads\/2018\/09\/filles-300x300.jpg?resize=350%2C200","width":350,"height":200},"classes":[]},{"id":4839,"url":"https:\/\/www.montceautriathlon.com\/blog\/2022\/02\/08\/class-triathlon-a-montceau-la-classe\/","url_meta":{"origin":2315,"position":5},"title":"Class Triathlon \u00e0 Montceau : la classe !","date":"8 f\u00e9vrier 2022","format":false,"excerpt":"Ce dimanche 6 f\u00e9vrier, le club avait invit\u00e9 ses homologues du d\u00e9partement \u00e0 venir tester ses benjamin(e)s, minime()s, cadet(te)s et junior(e)s sur la piste le matin et \u00e0 la piscine l'apr\u00e8s-midi. Les clubs de Bourbon, Autun, Chalon et M\u00e2con sont donc venus se mesurer aux jeunes montcelliens et v\u00e9rifier avec\u2026","rel":"","context":"Dans &quot;Non class\u00e9&quot;","img":{"alt_text":"","src":"https:\/\/i0.wp.com\/www.montceautriathlon.com\/blog\/wp-content\/uploads\/2022\/02\/78F8B5EE-C417-4E6D-A52F-E1D0C5BF82BB.jpg?resize=350%2C200&ssl=1","width":350,"height":200},"classes":[]}],"_links":{"self":[{"href":"https:\/\/www.montceautriathlon.com\/blog\/wp-json\/wp\/v2\/posts\/2315"}],"collection":[{"href":"https:\/\/www.montceautriathlon.com\/blog\/wp-json\/wp\/v2\/posts"}],"about":[{"href":"https:\/\/www.montceautriathlon.com\/blog\/wp-json\/wp\/v2\/types\/post"}],"author":[{"embeddable":true,"href":"https:\/\/www.montceautriathlon.com\/blog\/wp-json\/wp\/v2\/users\/5"}],"replies":[{"embeddable":true,"href":"https:\/\/www.montceautriathlon.com\/blog\/wp-json\/wp\/v2\/comments?post=2315"}],"version-history":[{"count":4,"href":"https:\/\/www.montceautriathlon.com\/blog\/wp-json\/wp\/v2\/posts\/2315\/revisions"}],"predecessor-version":[{"id":2327,"href":"https:\/\/www.montceautriathlon.com\/blog\/wp-json\/wp\/v2\/posts\/2315\/revisions\/2327"}],"wp:attachment":[{"href":"https:\/\/www.montceautriathlon.com\/blog\/wp-json\/wp\/v2\/media?parent=2315"}],"wp:term":[{"taxonomy":"category","embeddable":true,"href":"https:\/\/www.montceautriathlon.com\/blog\/wp-json\/wp\/v2\/categories?post=2315"},{"taxonomy":"post_tag","embeddable":true,"href":"https:\/\/www.montceautriathlon.com\/blog\/wp-json\/wp\/v2\/tags?post=2315"}],"curies":[{"name":"wp","href":"https:\/\/api.w.org\/{rel}","templated":true}]}}