{"id":2309,"date":"2018-10-06T13:09:05","date_gmt":"2018-10-06T12:09:05","guid":{"rendered":"http:\/\/montceautriathlon.com\/blog\/?p=2309"},"modified":"2018-10-06T13:09:05","modified_gmt":"2018-10-06T12:09:05","slug":"emmene-moi-au-pays-paladru-22-09-18","status":"publish","type":"post","link":"https:\/\/www.montceautriathlon.com\/blog\/2018\/10\/06\/emmene-moi-au-pays-paladru-22-09-18\/","title":{"rendered":"Emm\u00e8ne- moi au pays&#8230; Paladru 22\/09\/18"},"content":{"rendered":"<p><a href=\"http:\/\/montceautriathlon.com\/blog\/wp-content\/uploads\/2018\/10\/Paladru.jpg\"><img data-attachment-id=\"2311\" data-permalink=\"https:\/\/www.montceautriathlon.com\/blog\/2018\/10\/06\/emmene-moi-au-pays-paladru-22-09-18\/paladru\/\" data-orig-file=\"https:\/\/www.montceautriathlon.com\/blog\/wp-content\/uploads\/2018\/10\/Paladru.jpg\" data-orig-size=\"960,720\" data-comments-opened=\"1\" data-image-meta=\"{&quot;aperture&quot;:&quot;0&quot;,&quot;credit&quot;:&quot;&quot;,&quot;camera&quot;:&quot;&quot;,&quot;caption&quot;:&quot;&quot;,&quot;created_timestamp&quot;:&quot;0&quot;,&quot;copyright&quot;:&quot;&quot;,&quot;focal_length&quot;:&quot;0&quot;,&quot;iso&quot;:&quot;0&quot;,&quot;shutter_speed&quot;:&quot;0&quot;,&quot;title&quot;:&quot;&quot;,&quot;orientation&quot;:&quot;1&quot;}\" data-image-title=\"Paladru\" data-image-description=\"\" data-image-caption=\"\" data-medium-file=\"https:\/\/www.montceautriathlon.com\/blog\/wp-content\/uploads\/2018\/10\/Paladru-300x225.jpg\" data-large-file=\"https:\/\/www.montceautriathlon.com\/blog\/wp-content\/uploads\/2018\/10\/Paladru.jpg\" loading=\"lazy\" class=\"size-medium wp-image-2311 alignleft\" src=\"http:\/\/montceautriathlon.com\/blog\/wp-content\/uploads\/2018\/10\/Paladru-300x225.jpg\" alt=\"\" width=\"300\" height=\"225\" srcset=\"https:\/\/www.montceautriathlon.com\/blog\/wp-content\/uploads\/2018\/10\/Paladru-300x225.jpg 300w, https:\/\/www.montceautriathlon.com\/blog\/wp-content\/uploads\/2018\/10\/Paladru-768x576.jpg 768w, https:\/\/www.montceautriathlon.com\/blog\/wp-content\/uploads\/2018\/10\/Paladru.jpg 960w\" sizes=\"(max-width: 300px) 100vw, 300px\" \/><\/a>\u00ab\u00a0Viens je t&#8217;emm\u00e8ne\u00a0\u00bb &#8230;. \u00e0 Paladru!\u00a0 <em>(Merci Isabelle !)<\/em><\/p>\n<p>Cette ann\u00e9e, une seule \u00e9quipe montcelienne compos\u00e9e de Charline, Sophie, Pierre, Cyril et Isabelle prenait le d\u00e9part de ce sympathique triathlon de fin de saison. Le cadre magnifique, l&rsquo; organisation, les b\u00e9n\u00e9voles toujours au top et des parcours superbes&#8230;voil\u00e0 des ingr\u00e9dients pour passer une belle journ\u00e9e de sport!<\/p>\n<p>Forc\u00e9ment, avec un tel nom d&rsquo;\u00e9quipe, inutile de vous dire qu&rsquo; il n&rsquo;\u00e9tait pas question d&rsquo;abandonner un \u00e9quipier en cours de route&#8230;.\u00a0 Chacun, chacune a donc donn\u00e9 le meilleur pour que nous passions sous l&rsquo;arche d&rsquo;arriv\u00e9e, tous les 5, main dans la main, avec le sourire!\u00a0\u00a0\u00a0\u00a0\u00a0\u00a0\u00a0\u00a0\u00a0\u00a0\u00a0\u00a0\u00a0\u00a0\u00a0\u00a0\u00a0\u00a0\u00a0\u00a0\u00a0\u00a0\u00a0\u00a0\u00a0\u00a0\u00a0\u00a0\u00a0\u00a0\u00a0\u00a0\u00a0\u00a0\u00a0\u00a0\u00a0\u00a0\u00a0\u00a0\u00a0\u00a0\u00a0\u00a0\u00a0\u00a0\u00a0\u00a0\u00a0\u00a0\u00a0\u00a0\u00a0\u00a0\u00a0\u00a0\u00a0\u00a0\u00a0\u00a0\u00a0\u00a0\u00a0\u00a0\u00a0\u00a0\u00a0\u00a0\u00a0\u00a0\u00a0\u00a0\u00a0\u00a0\u00a0\u00a0\u00a0\u00a0\u00a0\u00a0\u00a0\u00a0\u00a0 Bravo \u00e0 Charline pour qui c&rsquo;\u00e9tait son 1er Triathlon Long!<\/p>\n<p>&nbsp;<\/p>\n","protected":false},"excerpt":{"rendered":"<p>\u00ab\u00a0Viens je t&#8217;emm\u00e8ne\u00a0\u00bb &#8230;. \u00e0 Paladru!\u00a0 (Merci Isabelle !) Cette ann\u00e9e, une seule \u00e9quipe montcelienne compos\u00e9e de Charline, Sophie, Pierre, Cyril et Isabelle prenait le d\u00e9part de ce sympathique triathlon de fin de saison. Le cadre magnifique, l&rsquo; organisation, les b\u00e9n\u00e9voles toujours au top et des parcours superbes&#8230;voil\u00e0 des ingr\u00e9dients pour passer une belle journ\u00e9e [&hellip;]<\/p>\n","protected":false},"author":5,"featured_media":0,"comment_status":"open","ping_status":"open","sticky":false,"template":"","format":"standard","meta":{"spay_email":"","jetpack_publicize_message":"","jetpack_is_tweetstorm":false},"categories":[1],"tags":[],"jetpack_featured_media_url":"","jetpack_publicize_connections":[],"jetpack_sharing_enabled":true,"jetpack_shortlink":"https:\/\/wp.me\/p8bwIy-Bf","jetpack-related-posts":[{"id":6192,"url":"https:\/\/www.montceautriathlon.com\/blog\/2023\/09\/27\/triathlon-de-paladru\/","url_meta":{"origin":2309,"position":0},"title":"Triathlon de Paladru","date":"27 septembre 2023","format":false,"excerpt":"Une importante d\u00e9l\u00e9gation de Montceau Triathlon s'est retrouv\u00e9e \u00e0 Paladru (Is\u00e8re) pour le triathlon en \u00e9quipe. Les 32 triathl\u00e8tes, composant 7 \u00e9quipes, se sont engag\u00e9es sur un triathlon distance L. Avec une m\u00e9t\u00e9o favorable, tous et toutes ont aval\u00e9s les 1700m de natation, 80 km de v\u00e9lo et 17km de\u2026","rel":"","context":"Dans &quot;Non class\u00e9&quot;","img":{"alt_text":"","src":"https:\/\/i2.wp.com\/www.montceautriathlon.com\/blog\/wp-content\/uploads\/2023\/09\/IMG-20230923-WA00021-1.jpg?resize=350%2C200&ssl=1","width":350,"height":200},"classes":[]},{"id":3206,"url":"https:\/\/www.montceautriathlon.com\/blog\/2019\/09\/24\/21-09-19-triathlon-de-paladru-jamais-decus-encore-convaincus\/","url_meta":{"origin":2309,"position":1},"title":"21\/09\/ 19, Triathlon de Paladru : Jamais d\u00e9\u00e7us, encore convaincus !","date":"24 septembre 2019","format":false,"excerpt":"Paladru a encore convaincu ! Si certains ne comptent plus leur nombre de participation \u00e0 ce magnifique triathlon L par \u00e9quipe, les nouvelles recrues qui pour certains gouttaient \u00e0 leur premier longue distance, ne sont pas repartis d\u00e9\u00e7us. Joli parcours, lac avec une eau limpide, m\u00e9t\u00e9o nickel, convivialit\u00e9 et super\u2026","rel":"","context":"Dans &quot;Non class\u00e9&quot;","img":{"alt_text":"","src":"","width":0,"height":0},"classes":[]},{"id":7138,"url":"https:\/\/www.montceautriathlon.com\/blog\/2024\/12\/01\/triathlon-de-paladru-21-septembre-2024\/","url_meta":{"origin":2309,"position":2},"title":"Triathlon de Paladru (21 septembre 2024)","date":"1 d\u00e9cembre 2024","format":false,"excerpt":"Deux \u00e9quipes de Montceay ont fait le d\u00e9placement \u00e0 Paladru pour le triathlon L par \u00e9quipes. La Belle et les b\u00eates ( Sandrine Marchand, Arnaud Rondier, Sammy Marc, Frederic Ghesquiere et Philippe Bongrand) termine en 5h33 (99e au scratch et 33e \u00e9quipe mixte) Les Piplettes du Montceau ( Sophie Boyer,\u2026","rel":"","context":"Dans &quot;Non class\u00e9&quot;","img":{"alt_text":"","src":"https:\/\/i1.wp.com\/www.montceautriathlon.com\/blog\/wp-content\/uploads\/2024\/12\/paladru-3.jpg?resize=350%2C200&ssl=1","width":350,"height":200},"classes":[]},{"id":1541,"url":"https:\/\/www.montceautriathlon.com\/blog\/2017\/09\/24\/triathlon-de-paladru-samedi-23-septembre-2017\/","url_meta":{"origin":2309,"position":3},"title":"Triathlon de Paladru (Samedi 23 septembre 2017)","date":"24 septembre 2017","format":false,"excerpt":"Avec 4 \u00e9quipes propos\u00e9es sur 150 \u00e9quipes engag\u00e9es, notre club a une nouvelle fois particip\u00e9 en nombre au Triathlon de Paladru\u00a0qui, pour ceux qui ne se situent pas, est entre Bourgoin-Jailleu et Voiron, proche\u00a0de Grenoble. Le soleil \u00e9tait une nouvelle fois au rendez-vous ainsi que la joie et la bonne\u2026","rel":"","context":"Dans &quot;Non class\u00e9&quot;","img":{"alt_text":"","src":"","width":0,"height":0},"classes":[]},{"id":863,"url":"https:\/\/www.montceautriathlon.com\/blog\/2016\/09\/27\/resultat-du-triathlon-de-paladru-par-equipe-24-septembre-2016\/","url_meta":{"origin":2309,"position":4},"title":"R\u00e9sultat du triathlon de Paladru par \u00e9quipe (24 septembre 2016)","date":"27 septembre 2016","format":false,"excerpt":"Une tr\u00e8s belle fin de saison pour \u00ab\u00a0Montceau Triathlon\u00a0\u00bb puisque 25 triathl\u00e8tes se sont retrouv\u00e9s ce dimanche, dans l\u2019Is\u00e8re, au Lac de Paladru\u00a0! Un encha\u00eenement de 1700m de natation, 72 kms de v\u00e9lo et 17kms de course \u00e0 pied avec en fin de parcours une partie trail, particuli\u00e8rement \u00e9prouvante, attendaient\u2026","rel":"","context":"Dans &quot;slide show&quot;","img":{"alt_text":"","src":"https:\/\/i0.wp.com\/www.montceautriathlon.com\/blog\/wp-content\/uploads\/2016\/09\/Triathlon_Paladru_2016.jpg?resize=350%2C200&ssl=1","width":350,"height":200},"classes":[]},{"id":3895,"url":"https:\/\/www.montceautriathlon.com\/blog\/2020\/09\/30\/26-09-2020-cl-equipes-de-paladru-dru-dru-dru-but-not-dry\/","url_meta":{"origin":2309,"position":5},"title":"26\/09\/2020, CL\/\u00e9quipes de Paladru : dru dru dru, but not dry !","date":"30 septembre 2020","format":false,"excerpt":"Comme tous les ans, plusieurs \u00e9quipes du club sont all\u00e9es se d\u00e9fier en contre la montre sur le magnifique site du lac de Paladru.\u00a0 Un beau triathlon maintenu\u00a0 ! Des souvenirs plein la t\u00eate des \u00e9ditions pr\u00e9c\u00e9dentes. La f\u00eate devait \u00eatre belle ! Et de nouveaux beaux souvenirs \u00e0 la\u2026","rel":"","context":"Dans &quot;Non class\u00e9&quot;","img":{"alt_text":"","src":"https:\/\/i1.wp.com\/www.montceautriathlon.com\/blog\/wp-content\/uploads\/2020\/09\/IMG-20200926-WA0021.jpg?resize=350%2C200&ssl=1","width":350,"height":200},"classes":[]}],"_links":{"self":[{"href":"https:\/\/www.montceautriathlon.com\/blog\/wp-json\/wp\/v2\/posts\/2309"}],"collection":[{"href":"https:\/\/www.montceautriathlon.com\/blog\/wp-json\/wp\/v2\/posts"}],"about":[{"href":"https:\/\/www.montceautriathlon.com\/blog\/wp-json\/wp\/v2\/types\/post"}],"author":[{"embeddable":true,"href":"https:\/\/www.montceautriathlon.com\/blog\/wp-json\/wp\/v2\/users\/5"}],"replies":[{"embeddable":true,"href":"https:\/\/www.montceautriathlon.com\/blog\/wp-json\/wp\/v2\/comments?post=2309"}],"version-history":[{"count":3,"href":"https:\/\/www.montceautriathlon.com\/blog\/wp-json\/wp\/v2\/posts\/2309\/revisions"}],"predecessor-version":[{"id":2314,"href":"https:\/\/www.montceautriathlon.com\/blog\/wp-json\/wp\/v2\/posts\/2309\/revisions\/2314"}],"wp:attachment":[{"href":"https:\/\/www.montceautriathlon.com\/blog\/wp-json\/wp\/v2\/media?parent=2309"}],"wp:term":[{"taxonomy":"category","embeddable":true,"href":"https:\/\/www.montceautriathlon.com\/blog\/wp-json\/wp\/v2\/categories?post=2309"},{"taxonomy":"post_tag","embeddable":true,"href":"https:\/\/www.montceautriathlon.com\/blog\/wp-json\/wp\/v2\/tags?post=2309"}],"curies":[{"name":"wp","href":"https:\/\/api.w.org\/{rel}","templated":true}]}}