{"id":2300,"date":"2018-10-02T13:07:27","date_gmt":"2018-10-02T12:07:27","guid":{"rendered":"http:\/\/montceautriathlon.com\/blog\/?p=2300"},"modified":"2018-10-02T15:27:39","modified_gmt":"2018-10-02T14:27:39","slug":"cross-duathlon-de-chenove-30-09-18","status":"publish","type":"post","link":"https:\/\/www.montceautriathlon.com\/blog\/2018\/10\/02\/cross-duathlon-de-chenove-30-09-18\/","title":{"rendered":"CROSS DUATHLON de Chen\u00f4ve 30\/09\/18"},"content":{"rendered":"<p><a href=\"http:\/\/montceautriathlon.com\/blog\/wp-content\/uploads\/2018\/10\/IMG_7781.jpg\"><img data-attachment-id=\"2301\" data-permalink=\"https:\/\/www.montceautriathlon.com\/blog\/2018\/10\/02\/cross-duathlon-de-chenove-30-09-18\/img_7781\/\" data-orig-file=\"https:\/\/www.montceautriathlon.com\/blog\/wp-content\/uploads\/2018\/10\/IMG_7781.jpg\" data-orig-size=\"2562,3423\" data-comments-opened=\"1\" data-image-meta=\"{&quot;aperture&quot;:&quot;2.2&quot;,&quot;credit&quot;:&quot;&quot;,&quot;camera&quot;:&quot;iPhone 6s Plus&quot;,&quot;caption&quot;:&quot;&quot;,&quot;created_timestamp&quot;:&quot;1538316847&quot;,&quot;copyright&quot;:&quot;&quot;,&quot;focal_length&quot;:&quot;4.15&quot;,&quot;iso&quot;:&quot;25&quot;,&quot;shutter_speed&quot;:&quot;0.00058513750731422&quot;,&quot;title&quot;:&quot;&quot;,&quot;orientation&quot;:&quot;0&quot;}\" data-image-title=\"IMG_7781\" data-image-description=\"\" data-image-caption=\"\" data-medium-file=\"https:\/\/www.montceautriathlon.com\/blog\/wp-content\/uploads\/2018\/10\/IMG_7781-225x300.jpg\" data-large-file=\"https:\/\/www.montceautriathlon.com\/blog\/wp-content\/uploads\/2018\/10\/IMG_7781-766x1024.jpg\" loading=\"lazy\" class=\" wp-image-2301 alignleft\" src=\"http:\/\/montceautriathlon.com\/blog\/wp-content\/uploads\/2018\/10\/IMG_7781-225x300.jpg\" alt=\"\" width=\"232\" height=\"309\" srcset=\"https:\/\/www.montceautriathlon.com\/blog\/wp-content\/uploads\/2018\/10\/IMG_7781-225x300.jpg 225w, https:\/\/www.montceautriathlon.com\/blog\/wp-content\/uploads\/2018\/10\/IMG_7781-768x1026.jpg 768w, https:\/\/www.montceautriathlon.com\/blog\/wp-content\/uploads\/2018\/10\/IMG_7781-766x1024.jpg 766w\" sizes=\"(max-width: 232px) 100vw, 232px\" \/><\/a> <a href=\"http:\/\/montceautriathlon.com\/blog\/wp-content\/uploads\/2018\/10\/IMG_7780.jpg\"><img data-attachment-id=\"2303\" data-permalink=\"https:\/\/www.montceautriathlon.com\/blog\/2018\/10\/02\/cross-duathlon-de-chenove-30-09-18\/img_7780\/\" data-orig-file=\"https:\/\/www.montceautriathlon.com\/blog\/wp-content\/uploads\/2018\/10\/IMG_7780.jpg\" data-orig-size=\"3024,4032\" data-comments-opened=\"1\" data-image-meta=\"{&quot;aperture&quot;:&quot;2.2&quot;,&quot;credit&quot;:&quot;&quot;,&quot;camera&quot;:&quot;iPhone 6s Plus&quot;,&quot;caption&quot;:&quot;&quot;,&quot;created_timestamp&quot;:&quot;1538316548&quot;,&quot;copyright&quot;:&quot;&quot;,&quot;focal_length&quot;:&quot;4.15&quot;,&quot;iso&quot;:&quot;25&quot;,&quot;shutter_speed&quot;:&quot;0.00065019505851756&quot;,&quot;title&quot;:&quot;&quot;,&quot;orientation&quot;:&quot;0&quot;}\" data-image-title=\"IMG_7780\" data-image-description=\"\" data-image-caption=\"\" data-medium-file=\"https:\/\/www.montceautriathlon.com\/blog\/wp-content\/uploads\/2018\/10\/IMG_7780-225x300.jpg\" data-large-file=\"https:\/\/www.montceautriathlon.com\/blog\/wp-content\/uploads\/2018\/10\/IMG_7780-768x1024.jpg\" loading=\"lazy\" class=\" wp-image-2303 alignright\" src=\"http:\/\/montceautriathlon.com\/blog\/wp-content\/uploads\/2018\/10\/IMG_7780-225x300.jpg\" alt=\"\" width=\"233\" height=\"311\" srcset=\"https:\/\/www.montceautriathlon.com\/blog\/wp-content\/uploads\/2018\/10\/IMG_7780-225x300.jpg 225w, https:\/\/www.montceautriathlon.com\/blog\/wp-content\/uploads\/2018\/10\/IMG_7780-768x1024.jpg 768w\" sizes=\"(max-width: 233px) 100vw, 233px\" \/><\/a>Deux beaux podiums pour l&rsquo;\u00e9cole de triathlon. <strong><span style=\"color: #ff0000;\">El\u00e9a B\u00e9rardan 1\u00e8re poussine<\/span><\/strong> et <strong>Marius Grivault, 2\u00e8me benjamin<\/strong>, tous les deux tr\u00e8s en forme en cette fin de saison ! Belle 4\u00e8me place aussi pour <strong>Antoine Ballet<\/strong> en benjamin. Seul triathl\u00e8te du club \u00e0 se pr\u00e9senter\u00a0 sur le S, Olivier Grivault\u00a0 termine avec une 25\u00e8me place au scratch. Enfin, notre couple coach\/arbitre v\u00e9t\u00e9ran s&rsquo;est align\u00e9 sur le XS &#8230; \u00e7a sent la fin de saison !<\/p>\n<p><em>Les r\u00e9sultats ci-dessous :<\/em><\/p>\n<p>AV1 :<\/p>\n<ul>\n<li>El\u00e9a B\u00e9rardan 12&rsquo;11\u00a0\u00bb 29\u00e8me scratch et 1\u00e8re poussine<\/li>\n<li>Antonin Gautier 12&rsquo;12\u00a0\u00bb 32\u00e8me scratch\u00a0 et 17\u00e8me pupille M<\/li>\n<li>Zo\u00e9 Da Eira 12&rsquo;14\u00a0\u00bb 42\u00e8me scratch\u00a0 et 6\u00e8me poussine<\/li>\n<li>Lou Grivault 12&rsquo;28\u00a0\u00bb 51\u00e8me scratch\u00a0 et 7\u00e8me pupille F<\/li>\n<\/ul>\n<p>AV2 :<\/p>\n<ul>\n<li>Marius Grivault 12&rsquo;20\u00a0\u00bb 5\u00e8me scratch\u00a0 et 1er BJM<\/li>\n<li>Antoine Ballet 12&rsquo;21&Prime;7\u00e8me scratch\u00a0 et 4\u00e8me BJM<\/li>\n<li>Marine Da Eira 12&rsquo;23\u00a0\u00bb 25\u00e8me scratch\u00a0 5\u00e8me BJF<\/li>\n<\/ul>\n<p>XS :<\/p>\n<ul>\n<li>Sophie Rousseau 12&rsquo;49\u00a0\u00bb\u00a0 35\u00e8me scratch<\/li>\n<li>Jean Da Eira 12&rsquo;54\u00a0\u00bb\u00a0 39\u00e8me scratch<\/li>\n<\/ul>\n<p>S :<\/p>\n<ul>\n<li>Olivier Grivault 1h31&rsquo;10\u00a0\u00bb 25\u00e8me scratch et 4\u00e8me V2<\/li>\n<\/ul>\n<p>&nbsp;<\/p>\n","protected":false},"excerpt":{"rendered":"<p>Deux beaux podiums pour l&rsquo;\u00e9cole de triathlon. El\u00e9a B\u00e9rardan 1\u00e8re poussine et Marius Grivault, 2\u00e8me benjamin, tous les deux tr\u00e8s en forme en cette fin de saison ! Belle 4\u00e8me place aussi pour Antoine Ballet en benjamin. Seul triathl\u00e8te du club \u00e0 se pr\u00e9senter\u00a0 sur le S, Olivier Grivault\u00a0 termine avec une 25\u00e8me place au [&hellip;]<\/p>\n","protected":false},"author":5,"featured_media":0,"comment_status":"open","ping_status":"open","sticky":false,"template":"","format":"standard","meta":{"spay_email":"","jetpack_publicize_message":"","jetpack_is_tweetstorm":false},"categories":[1],"tags":[],"jetpack_featured_media_url":"","jetpack_publicize_connections":[],"jetpack_sharing_enabled":true,"jetpack_shortlink":"https:\/\/wp.me\/p8bwIy-B6","jetpack-related-posts":[{"id":3329,"url":"https:\/\/www.montceautriathlon.com\/blog\/2019\/11\/07\/3-11-19-bike-run-chalon-et-cest-reparti-pour-cette-nouvelle-saison\/","url_meta":{"origin":2300,"position":0},"title":"3\/11\/19, Bike &#038; Run Chalon : Et c&rsquo;est reparti pour cette nouvelle saison !","date":"7 novembre 2019","format":false,"excerpt":"La saison de bike an run est lanc\u00e9e. La premi\u00e8re \u00e9tape avait lieu \u00e0 Chalon sous la pluie qui n'a pas d\u00e9courag\u00e9 la quinzaine d'\u00e9quipages montceliens. Les plus jeunes ont bien tir\u00e9 leur \u00e9pingle du jeu avec deux victoires au scratch. Titouan et El\u00e9a en J1 et Marine et Marius\u2026","rel":"","context":"Dans &quot;Non class\u00e9&quot;","img":{"alt_text":"","src":"","width":0,"height":0},"classes":[]},{"id":1927,"url":"https:\/\/www.montceautriathlon.com\/blog\/2018\/04\/30\/triathlon-metal-valley-montbard-29-04-2018\/","url_meta":{"origin":2300,"position":1},"title":"Triathlon M\u00e9tal Valley MONTBARD 29\/04\/2018","date":"30 avril 2018","format":false,"excerpt":"Une forte et jeune \u00e9quipe du club s'est d\u00e9plac\u00e9e ce week-end \u00e0 Montbard. Une belle colonie de benjamin(e)s et de pupilles avec pour certains leur premier vrai triathlon. De beaux r\u00e9sultats ! Mention sp\u00e9ciale \u00e0 Marius Grivault 3\u00e8me Benjamin sur le XS avec une belle 16\u00e8me place au scratch sur\u2026","rel":"","context":"Dans &quot;Non class\u00e9&quot;","img":{"alt_text":"","src":"","width":0,"height":0},"classes":[]},{"id":2190,"url":"https:\/\/www.montceautriathlon.com\/blog\/2018\/09\/18\/a-seurreon-ne-bat-pas-le-beurre-mon-frere-on-gagne-bravo-marius\/","url_meta":{"origin":2300,"position":2},"title":"A Seurre,on ne bat pas le beurre  mon fr\u00e8re ! On gagne ! Bravo Marius !","date":"18 septembre 2018","format":false,"excerpt":"Belle prestation de notre \u00e9cole de triathlon \u00e0 Seurre ce week-end avec la victoire au scratch de Marius Grivault et les belles 6\u00e8me et 11\u00e8me place d'Antoine Ballet et Jules Gouraud. Le Papa du vainqueur des 12\/13ans, Olivier Grivault, a aussi effectu\u00e9 une belle course sur le CLM S en\u2026","rel":"","context":"Dans &quot;Non class\u00e9&quot;","img":{"alt_text":"","src":"https:\/\/i1.wp.com\/montceautriathlon.com\/blog\/wp-content\/uploads\/2018\/09\/Marius-Seurre-225x300.jpg?resize=350%2C200","width":350,"height":200},"classes":[]},{"id":3582,"url":"https:\/\/www.montceautriathlon.com\/blog\/2020\/04\/11\/resultats-challenge-bikerun-regional-bon-pour-le-moral\/","url_meta":{"origin":2300,"position":3},"title":"r\u00e9sultats challenge Bike&#038;Run r\u00e9gional : Bon pour le moral !","date":"11 avril 2020","format":false,"excerpt":"A l'heure o\u00f9 les comp\u00e9titions sont \u00e0 l'arr\u00eat, o\u00f9 l'avenir de l'ensemble de nos comp\u00e9titions \u00e0 venir ( \u00e0 proche et moyen terme pour \u00eatre optimiste) semble compromis, les r\u00e9sultats du Challenge R\u00e9gional Bourgogne\/Franche Comt\u00e9 toutes cat\u00e9gories sont tomb\u00e9s. Et ils font chaud au coeur avec notamment les victoire au\u2026","rel":"","context":"Dans &quot;Non class\u00e9&quot;","img":{"alt_text":"","src":"https:\/\/i2.wp.com\/montceautriathlon.com\/blog\/wp-content\/uploads\/2020\/04\/15650166230-213x300.jpg?resize=350%2C200","width":350,"height":200},"classes":[]},{"id":3887,"url":"https:\/\/www.montceautriathlon.com\/blog\/2020\/09\/30\/27-09-2020-cross-duathlon-de-chenove-motives-ces-jeunes\/","url_meta":{"origin":2300,"position":4},"title":"27\/09\/2020, cross duathlon de Chen\u00f4ve : motiv\u00e9s ces jeunes !","date":"30 septembre 2020","format":false,"excerpt":"Marius Grivault, une nouvelle fois sur le podium du XS (3\u00e8me), Antoine Ballet jamais bien loin (5\u00e8me), voulaient pr\u00e9parer les championnats de France de duathlon pour lesquels ils \u00e9taient qualifi\u00e9s. Une belle course de nos deux comp\u00e8res sous la pluie battante et malheureusement plus de France DU \u00e0 Noyon, annul\u00e9s\u2026","rel":"","context":"Dans &quot;Non class\u00e9&quot;","img":{"alt_text":"","src":"","width":0,"height":0},"classes":[]},{"id":4556,"url":"https:\/\/www.montceautriathlon.com\/blog\/2021\/09\/26\/sur-tous-les-fronts-dans-les-episodes-precedents\/","url_meta":{"origin":2300,"position":5},"title":"Sur tous les fronts : dans les \u00e9pisodes pr\u00e9c\u00e9dents !","date":"26 septembre 2021","format":false,"excerpt":"Peut-\u00eatre n'avez vous pas suivi l'actualit\u00e9 de nos licenci\u00e9s engag\u00e9s sur les comp\u00e9titions du W-E dernier et de ce dernier samedi : petit patchwork de r\u00e9sultats et d'images ! Le triathlon de Seurre dimanche dernier s'est transform\u00e9 en duathlon et quelques jeunes \u00e9taient engag\u00e9s en J2; Belle performance d'Oscar Turpin\u2026","rel":"","context":"Dans &quot;Non class\u00e9&quot;","img":{"alt_text":"","src":"https:\/\/i0.wp.com\/www.montceautriathlon.com\/blog\/wp-content\/uploads\/2021\/09\/Marius.jpg?resize=350%2C200&ssl=1","width":350,"height":200},"classes":[]}],"_links":{"self":[{"href":"https:\/\/www.montceautriathlon.com\/blog\/wp-json\/wp\/v2\/posts\/2300"}],"collection":[{"href":"https:\/\/www.montceautriathlon.com\/blog\/wp-json\/wp\/v2\/posts"}],"about":[{"href":"https:\/\/www.montceautriathlon.com\/blog\/wp-json\/wp\/v2\/types\/post"}],"author":[{"embeddable":true,"href":"https:\/\/www.montceautriathlon.com\/blog\/wp-json\/wp\/v2\/users\/5"}],"replies":[{"embeddable":true,"href":"https:\/\/www.montceautriathlon.com\/blog\/wp-json\/wp\/v2\/comments?post=2300"}],"version-history":[{"count":4,"href":"https:\/\/www.montceautriathlon.com\/blog\/wp-json\/wp\/v2\/posts\/2300\/revisions"}],"predecessor-version":[{"id":2307,"href":"https:\/\/www.montceautriathlon.com\/blog\/wp-json\/wp\/v2\/posts\/2300\/revisions\/2307"}],"wp:attachment":[{"href":"https:\/\/www.montceautriathlon.com\/blog\/wp-json\/wp\/v2\/media?parent=2300"}],"wp:term":[{"taxonomy":"category","embeddable":true,"href":"https:\/\/www.montceautriathlon.com\/blog\/wp-json\/wp\/v2\/categories?post=2300"},{"taxonomy":"post_tag","embeddable":true,"href":"https:\/\/www.montceautriathlon.com\/blog\/wp-json\/wp\/v2\/tags?post=2300"}],"curies":[{"name":"wp","href":"https:\/\/api.w.org\/{rel}","templated":true}]}}