{"id":2278,"date":"2018-09-25T14:42:51","date_gmt":"2018-09-25T13:42:51","guid":{"rendered":"http:\/\/montceautriathlon.com\/blog\/?p=2278"},"modified":"2018-09-25T14:42:51","modified_gmt":"2018-09-25T13:42:51","slug":"clm-de-nanton-une-bonne-preparation-pour-les-filles-du-duathlon","status":"publish","type":"post","link":"https:\/\/www.montceautriathlon.com\/blog\/2018\/09\/25\/clm-de-nanton-une-bonne-preparation-pour-les-filles-du-duathlon\/","title":{"rendered":"CLM de NANTON : une bonne pr\u00e9paration pour les filles du duathlon !"},"content":{"rendered":"<div dir=\"auto\">\n<div dir=\"auto\">\n<div>\n<div>\n<div dir=\"auto\">\n<p><i><span style=\"color: #222222;\"><a href=\"http:\/\/montceautriathlon.com\/blog\/wp-content\/uploads\/2018\/09\/filles.jpg\"><img data-attachment-id=\"2280\" data-permalink=\"https:\/\/www.montceautriathlon.com\/blog\/2018\/09\/25\/clm-de-nanton-une-bonne-preparation-pour-les-filles-du-duathlon\/filles\/\" data-orig-file=\"https:\/\/www.montceautriathlon.com\/blog\/wp-content\/uploads\/2018\/09\/filles.jpg\" data-orig-size=\"1002,1002\" data-comments-opened=\"1\" data-image-meta=\"{&quot;aperture&quot;:&quot;0&quot;,&quot;credit&quot;:&quot;&quot;,&quot;camera&quot;:&quot;&quot;,&quot;caption&quot;:&quot;&quot;,&quot;created_timestamp&quot;:&quot;0&quot;,&quot;copyright&quot;:&quot;&quot;,&quot;focal_length&quot;:&quot;0&quot;,&quot;iso&quot;:&quot;0&quot;,&quot;shutter_speed&quot;:&quot;0&quot;,&quot;title&quot;:&quot;&quot;,&quot;orientation&quot;:&quot;0&quot;}\" data-image-title=\"filles\" data-image-description=\"\" data-image-caption=\"\" data-medium-file=\"https:\/\/www.montceautriathlon.com\/blog\/wp-content\/uploads\/2018\/09\/filles-300x300.jpg\" data-large-file=\"https:\/\/www.montceautriathlon.com\/blog\/wp-content\/uploads\/2018\/09\/filles.jpg\" loading=\"lazy\" class=\" wp-image-2280 aligncenter\" src=\"http:\/\/montceautriathlon.com\/blog\/wp-content\/uploads\/2018\/09\/filles-300x300.jpg\" alt=\"\" width=\"238\" height=\"238\" srcset=\"https:\/\/www.montceautriathlon.com\/blog\/wp-content\/uploads\/2018\/09\/filles-300x300.jpg 300w, https:\/\/www.montceautriathlon.com\/blog\/wp-content\/uploads\/2018\/09\/filles-150x150.jpg 150w, https:\/\/www.montceautriathlon.com\/blog\/wp-content\/uploads\/2018\/09\/filles-768x768.jpg 768w, https:\/\/www.montceautriathlon.com\/blog\/wp-content\/uploads\/2018\/09\/filles.jpg 1002w\" sizes=\"(max-width: 238px) 100vw, 238px\" \/><\/a>Dimanche 23 <\/span>septembre 2018, l\u2019Union V\u00e9locip\u00e9dique Chalonnaise\u00a0a organis\u00e9 le contre la montre de\u00a0Nanton, championnat FSGT 71 par \u00e9quipes de 4 pour les \u00e9quipes<span style=\"color: #222222;\"> de clubs cyclistes Fsgt mais ouvert \u00e0 tous. 50 \u00e9quipes \u00e9taient au d\u00e9part dont 2 de <\/span><\/i><i><span style=\"color: #222222;\">Montceau Triathlon.\u00a0La meilleure \u00e9quipe finit les 21 km en 25\u201955\u201d81.\u00a0<\/span><\/i><\/p>\n<p><i><span style=\"color: #222222;\">\u00a0\u00a0\u00a0\u00a0\u00a0\u00a0\u00a0\u00a0\u00a0\u00a0\u00a0\u00a0\u00a0\u00a0\u00a0\u00a0\u00a0\u00a0\u00a0\u00a0\u00a0\u00a0\u00a0\u00a0\u00a0\u00a0\u00a0\u00a0\u00a0\u00a0\u00a0\u00a0\u00a0\u00a0\u00a0\u00a0\u00a0\u00a0\u00a0\u00a0\u00a0\u00a0\u00a0\u00a0\u00a0\u00a0\u00a0\u00a0\u00a0\u00a0<\/span><\/i><i>\u00a0\u00a0\u00a0\u00a0\u00a0\u00a0\u00a0\u00a0\u00a0\u00a0\u00a0\u00a0\u00a0\u00a0\u00a0\u00a0\u00a0\u00a0\u00a0\u00a0\u00a0\u00a0\u00a0\u00a0\u00a0\u00a0\u00a0\u00a0\u00a0\u00a0\u00a0\u00a0\u00a0\u00a0\u00a0\u00a0\u00a0\u00a0\u00a0\u00a0\u00a0\u00a0\u00a0\u00a0\u00a0\u00a0\u00a0\u00a0\u00a0\u00a0\u00a0\u00a0\u00a0\u00a0\u00a0\u00a0\u00a0\u00a0\u00a0\u00a0\u00a0\u00a0\u00a0\u00a0\u00a0\u00a0\u00a0\u00a0\u00a0\u00a0\u00a0\u00a0\u00a0\u00a0\u00a0\u00a0\u00a0\u00a0\u00a0\u00a0\u00a0\u00a0\u00a0\u00a0\u00a0\u00a0\u00a0\u00a0\u00a0\u00a0\u00a0\u00a0\u00a0\u00a0\u00a0\u00a0\u00a0\u00a0\u00a0\u00a0\u00a0\u00a0\u00a0\u00a0\u00a0\u00a0\u00a0\u00a0\u00a0\u00a0\u00a0\u00a0\u00a0\u00a0\u00a0\u00a0\u00a0\u00a0\u00a0\u00a0\u00a0\u00a0\u00a0\u00a0\u00a0\u00a0\u00a0\u00a0\u00a0\u00a0\u00a0\u00a0\u00a0\u00a0\u00a0\u00a0\u00a0\u00a0\u00a0 <\/i><i><a href=\"http:\/\/montceautriathlon.com\/blog\/wp-content\/uploads\/2018\/09\/gar\u00e7ons.jpg\"><img data-attachment-id=\"2281\" data-permalink=\"https:\/\/www.montceautriathlon.com\/blog\/2018\/09\/25\/clm-de-nanton-une-bonne-preparation-pour-les-filles-du-duathlon\/garcons\/\" data-orig-file=\"https:\/\/www.montceautriathlon.com\/blog\/wp-content\/uploads\/2018\/09\/gar\u00e7ons.jpg\" data-orig-size=\"4608,3456\" data-comments-opened=\"1\" data-image-meta=\"{&quot;aperture&quot;:&quot;1.7&quot;,&quot;credit&quot;:&quot;&quot;,&quot;camera&quot;:&quot;SM-A530F&quot;,&quot;caption&quot;:&quot;&quot;,&quot;created_timestamp&quot;:&quot;1537713713&quot;,&quot;copyright&quot;:&quot;&quot;,&quot;focal_length&quot;:&quot;3.93&quot;,&quot;iso&quot;:&quot;40&quot;,&quot;shutter_speed&quot;:&quot;0.0009009009009009&quot;,&quot;title&quot;:&quot;&quot;,&quot;orientation&quot;:&quot;1&quot;}\" data-image-title=\"gar\u00e7ons\" data-image-description=\"\" data-image-caption=\"\" data-medium-file=\"https:\/\/www.montceautriathlon.com\/blog\/wp-content\/uploads\/2018\/09\/gar\u00e7ons-300x225.jpg\" data-large-file=\"https:\/\/www.montceautriathlon.com\/blog\/wp-content\/uploads\/2018\/09\/gar\u00e7ons-1024x768.jpg\" loading=\"lazy\" class=\"wp-image-2281 alignleft\" src=\"http:\/\/montceautriathlon.com\/blog\/wp-content\/uploads\/2018\/09\/gar\u00e7ons-300x225.jpg\" alt=\"\" width=\"219\" height=\"164\" srcset=\"https:\/\/www.montceautriathlon.com\/blog\/wp-content\/uploads\/2018\/09\/gar\u00e7ons-300x225.jpg 300w, https:\/\/www.montceautriathlon.com\/blog\/wp-content\/uploads\/2018\/09\/gar\u00e7ons-768x576.jpg 768w, https:\/\/www.montceautriathlon.com\/blog\/wp-content\/uploads\/2018\/09\/gar\u00e7ons-1024x768.jpg 1024w\" sizes=\"(max-width: 219px) 100vw, 219px\" \/><\/a><\/i><\/p>\n<p>&nbsp;<\/p>\n<p><i>L&rsquo;\u00e9quipe des gar\u00e7ons compos\u00e9e de Nicolas Fichet, Baptiste Gueugneau, Denis Lequin, et Laurent Magnien, termine 11\u00e8me au scratch en 30&rsquo;44&Prime;71 <\/i><i>\u00a0\u00a0\u00a0\u00a0\u00a0\u00a0\u00a0\u00a0\u00a0\u00a0\u00a0\u00a0\u00a0\u00a0\u00a0\u00a0\u00a0\u00a0\u00a0\u00a0\u00a0\u00a0\u00a0\u00a0\u00a0\u00a0\u00a0\u00a0\u00a0\u00a0\u00a0\u00a0\u00a0\u00a0\u00a0\u00a0\u00a0\u00a0\u00a0\u00a0\u00a0\u00a0\u00a0\u00a0\u00a0\u00a0\u00a0\u00a0\u00a0\u00a0\u00a0\u00a0\u00a0\u00a0\u00a0\u00a0\u00a0\u00a0\u00a0\u00a0\u00a0\u00a0\u00a0\u00a0\u00a0\u00a0\u00a0\u00a0\u00a0\u00a0\u00a0\u00a0\u00a0\u00a0\u00a0\u00a0\u00a0\u00a0\u00a0\u00a0\u00a0\u00a0\u00a0\u00a0\u00a0\u00a0\u00a0\u00a0\u00a0\u00a0 <\/i><\/p>\n<p>&nbsp;<\/p>\n<p><i>Les filles quant \u00e0\u00a0 elles, remportent le prix de la meilleure \u00e9quipe f\u00e9minine,\u00a0Maryl\u00e8ne Lequin, Ludivine Lequin, Marion Raclot et Catherine Mauro en 34&rsquo;35&Prime;35 \u00a0\u00a0\u00a0\u00a0\u00a0\u00a0\u00a0\u00a0\u00a0\u00a0\u00a0\u00a0\u00a0\u00a0\u00a0\u00a0\u00a0\u00a0\u00a0\u00a0\u00a0\u00a0\u00a0\u00a0\u00a0\u00a0\u00a0\u00a0\u00a0\u00a0\u00a0\u00a0\u00a0\u00a0\u00a0\u00a0\u00a0\u00a0\u00a0\u00a0\u00a0\u00a0\u00a0\u00a0\u00a0\u00a0\u00a0\u00a0\u00a0\u00a0\u00a0\u00a0\u00a0\u00a0\u00a0\u00a0\u00a0\u00a0\u00a0\u00a0\u00a0\u00a0\u00a0\u00a0\u00a0\u00a0\u00a0\u00a0\u00a0\u00a0\u00a0\u00a0\u00a0\u00a0\u00a0\u00a0\u00a0\u00a0\u00a0\u00a0\u00a0\u00a0\u00a0\u00a0\u00a0\u00a0\u00a0\u00a0\u00a0\u00a0\u00a0\u00a0\u00a0\u00a0\u00a0\u00a0\u00a0\u00a0\u00a0\u00a0\u00a0\u00a0\u00a0\u00a0\u00a0\u00a0 <\/i><\/p>\n<p><i>Une bonne pr\u00e9paration pour la finale deD2 de duathlon le week-end prochain !<br \/>\n<\/i><\/p>\n<p><i><a href=\"http:\/\/montceautriathlon.com\/blog\/wp-content\/uploads\/2018\/09\/gar\u00e7ons-et-filles.jpg\"><img data-attachment-id=\"2279\" data-permalink=\"https:\/\/www.montceautriathlon.com\/blog\/2018\/09\/25\/clm-de-nanton-une-bonne-preparation-pour-les-filles-du-duathlon\/garcons-et-filles\/\" data-orig-file=\"https:\/\/www.montceautriathlon.com\/blog\/wp-content\/uploads\/2018\/09\/gar\u00e7ons-et-filles.jpg\" data-orig-size=\"4608,3456\" data-comments-opened=\"1\" data-image-meta=\"{&quot;aperture&quot;:&quot;1.7&quot;,&quot;credit&quot;:&quot;&quot;,&quot;camera&quot;:&quot;SM-A530F&quot;,&quot;caption&quot;:&quot;&quot;,&quot;created_timestamp&quot;:&quot;1537717102&quot;,&quot;copyright&quot;:&quot;&quot;,&quot;focal_length&quot;:&quot;3.93&quot;,&quot;iso&quot;:&quot;40&quot;,&quot;shutter_speed&quot;:&quot;0.0008110300081103&quot;,&quot;title&quot;:&quot;&quot;,&quot;orientation&quot;:&quot;1&quot;}\" data-image-title=\"gar\u00e7ons et filles\" data-image-description=\"\" data-image-caption=\"\" data-medium-file=\"https:\/\/www.montceautriathlon.com\/blog\/wp-content\/uploads\/2018\/09\/gar\u00e7ons-et-filles-300x225.jpg\" data-large-file=\"https:\/\/www.montceautriathlon.com\/blog\/wp-content\/uploads\/2018\/09\/gar\u00e7ons-et-filles-1024x768.jpg\" loading=\"lazy\" class=\"wp-image-2279 aligncenter\" src=\"http:\/\/montceautriathlon.com\/blog\/wp-content\/uploads\/2018\/09\/gar\u00e7ons-et-filles-300x225.jpg\" alt=\"\" width=\"279\" height=\"209\" srcset=\"https:\/\/www.montceautriathlon.com\/blog\/wp-content\/uploads\/2018\/09\/gar\u00e7ons-et-filles-300x225.jpg 300w, https:\/\/www.montceautriathlon.com\/blog\/wp-content\/uploads\/2018\/09\/gar\u00e7ons-et-filles-768x576.jpg 768w, https:\/\/www.montceautriathlon.com\/blog\/wp-content\/uploads\/2018\/09\/gar\u00e7ons-et-filles-1024x768.jpg 1024w\" sizes=\"(max-width: 279px) 100vw, 279px\" \/><\/a><\/i><\/p>\n<p>Merci Christelle.<\/p>\n<p>&nbsp;<\/p>\n<\/div>\n<\/div>\n<\/div>\n<\/div>\n<\/div>\n","protected":false},"excerpt":{"rendered":"<p>Dimanche 23 septembre 2018, l\u2019Union V\u00e9locip\u00e9dique Chalonnaise\u00a0a organis\u00e9 le contre la montre de\u00a0Nanton, championnat FSGT 71 par \u00e9quipes de 4 pour les \u00e9quipes de clubs cyclistes Fsgt mais ouvert \u00e0 tous. 50 \u00e9quipes \u00e9taient au d\u00e9part dont 2 de Montceau Triathlon.\u00a0La meilleure \u00e9quipe finit les 21 km en 25\u201955\u201d81.\u00a0 \u00a0\u00a0\u00a0\u00a0\u00a0\u00a0\u00a0\u00a0\u00a0\u00a0\u00a0\u00a0\u00a0\u00a0\u00a0\u00a0\u00a0\u00a0\u00a0\u00a0\u00a0\u00a0\u00a0\u00a0\u00a0\u00a0\u00a0\u00a0\u00a0\u00a0\u00a0\u00a0\u00a0\u00a0\u00a0\u00a0\u00a0\u00a0\u00a0\u00a0\u00a0\u00a0\u00a0\u00a0\u00a0\u00a0\u00a0\u00a0\u00a0\u00a0\u00a0\u00a0\u00a0\u00a0\u00a0\u00a0\u00a0\u00a0\u00a0\u00a0\u00a0\u00a0\u00a0\u00a0\u00a0\u00a0\u00a0\u00a0\u00a0\u00a0\u00a0\u00a0\u00a0\u00a0\u00a0\u00a0\u00a0\u00a0\u00a0\u00a0\u00a0\u00a0\u00a0\u00a0\u00a0\u00a0\u00a0\u00a0\u00a0\u00a0\u00a0\u00a0\u00a0\u00a0\u00a0\u00a0\u00a0\u00a0\u00a0\u00a0\u00a0\u00a0\u00a0\u00a0\u00a0\u00a0\u00a0\u00a0\u00a0\u00a0\u00a0\u00a0\u00a0\u00a0\u00a0\u00a0\u00a0\u00a0\u00a0\u00a0\u00a0\u00a0\u00a0\u00a0\u00a0\u00a0\u00a0\u00a0\u00a0\u00a0\u00a0\u00a0\u00a0\u00a0\u00a0\u00a0\u00a0\u00a0\u00a0\u00a0\u00a0\u00a0\u00a0\u00a0\u00a0\u00a0\u00a0\u00a0\u00a0\u00a0\u00a0\u00a0\u00a0\u00a0\u00a0\u00a0\u00a0\u00a0\u00a0\u00a0\u00a0\u00a0\u00a0\u00a0\u00a0\u00a0\u00a0\u00a0\u00a0\u00a0\u00a0\u00a0\u00a0\u00a0\u00a0\u00a0\u00a0\u00a0\u00a0\u00a0\u00a0\u00a0\u00a0\u00a0\u00a0\u00a0\u00a0\u00a0\u00a0 &nbsp; L&rsquo;\u00e9quipe des gar\u00e7ons compos\u00e9e [&hellip;]<\/p>\n","protected":false},"author":5,"featured_media":0,"comment_status":"open","ping_status":"open","sticky":false,"template":"","format":"standard","meta":{"spay_email":"","jetpack_publicize_message":"","jetpack_is_tweetstorm":false},"categories":[1],"tags":[],"jetpack_featured_media_url":"","jetpack_publicize_connections":[],"jetpack_sharing_enabled":true,"jetpack_shortlink":"https:\/\/wp.me\/p8bwIy-AK","jetpack-related-posts":[{"id":5451,"url":"https:\/\/www.montceautriathlon.com\/blog\/2022\/11\/07\/1er-bike-run-aux-grands-parcs-une-belle-reussite\/","url_meta":{"origin":2278,"position":0},"title":"1er Bike &#038; Run aux grands parcs : une belle r\u00e9ussite.","date":"7 novembre 2022","format":false,"excerpt":"Ce dimanche 6 novembre, le club organisait pour le premi\u00e8re fois un bike and run aux Grands Parcs. 99 bin\u00f4mes sont venus s'affronter dans le cadre du challenge hivernal bike and run de la ligue BFC de triathlon. De nombreux clubs ont r\u00e9pondu pr\u00e9sents et en nombre pour certains avec\u2026","rel":"","context":"Dans &quot;Non class\u00e9&quot;","img":{"alt_text":"","src":"https:\/\/i1.wp.com\/www.montceautriathlon.com\/blog\/wp-content\/uploads\/2022\/11\/IMG_7502.jpg?resize=350%2C200&ssl=1","width":350,"height":200},"classes":[]},{"id":2908,"url":"https:\/\/www.montceautriathlon.com\/blog\/2019\/06\/10\/8-9-juin-2019-swimrun-vassiviere-point-besoin-de-civiere-pour-nos-fiers-triathletes\/","url_meta":{"origin":2278,"position":1},"title":"8\/9 juin 2019, swimrun Vassivi\u00e8re : point besoin de civi\u00e8re pour nos fiers triathl\u00e8tes !","date":"10 juin 2019","format":false,"excerpt":"(photo qui a sugg\u00e9r\u00e9 le titre souffl\u00e9 par Bertrand) Mais il est vrai que les secouristes ont eu du boulot pour r\u00e9chauffer de nombreux concurrents \u00e9puis\u00e9s et frigorifi\u00e9s ! Il faisait beau, \u00e7a sentait bon le sable chaud... Non pas vraiment pour nos quatre \u00e9quipes engag\u00e9es ! Une eau \u00e0\u2026","rel":"","context":"Dans &quot;Non class\u00e9&quot;","img":{"alt_text":"","src":"","width":0,"height":0},"classes":[]},{"id":1543,"url":"https:\/\/www.montceautriathlon.com\/blog\/2017\/10\/01\/coupe-de-france-de-triathlon-a-laiguillon-sur-mer-samedi-30-septembre-2017\/","url_meta":{"origin":2278,"position":2},"title":"Coupe de France de Triathlon \u00e0 l&rsquo;Aiguillon-sur-Mer (Samedi 30 septembre 2017)","date":"1 octobre 2017","format":false,"excerpt":"Ce week-end avait lieu la coupe de France des Clubs de Triathlon \u00e0 l'Aiguillon-sur-Mer. Avec la pr\u00e9sence d'une \u00e9quipe f\u00e9minine et d'une \u00e9quipe masculine, les triathl\u00e8tes de Montceau ont repr\u00e9sent\u00e9 avec panache, les couleurs du club. Bravo \u00e0 vous tou(te)s ! Vu de l'int\u00e9rieur par Maryl\u00e8ne. \"Apr\u00e8s 6h30 de route,\u2026","rel":"","context":"Dans &quot;Non class\u00e9&quot;","img":{"alt_text":"","src":"https:\/\/i0.wp.com\/www.montceautriathlon.com\/blog\/wp-content\/uploads\/2017\/10\/Image-5.png.jpeg?resize=350%2C200&ssl=1","width":350,"height":200},"classes":[]},{"id":2618,"url":"https:\/\/www.montceautriathlon.com\/blog\/2019\/02\/12\/10-02-19-bike-run-migennes-contre-vent-et-maree\/","url_meta":{"origin":2278,"position":3},"title":"10\/02\/19, Bike &#038; Run Migennes : contre vent et mar\u00e9e !","date":"12 f\u00e9vrier 2019","format":false,"excerpt":"Il fallait avoir du courage pour affronter les \u00e9l\u00e9ments ce dimanche \u00e0 Migennes. Mais il en fallait plus pour d\u00e9motiver nos Lionnes et nos Z\u00e9bulons ! Bravo les jeunes ! en J1 sur les huit \u00e9quipes engag\u00e9es sur la course, Zo\u00e9 da Eira et Lou Grivault terminent 2\u00e8me \u00e9quipe f\u00e9minine\u00a0\u2026","rel":"","context":"Dans &quot;Non class\u00e9&quot;","img":{"alt_text":"","src":"","width":0,"height":0},"classes":[]},{"id":7138,"url":"https:\/\/www.montceautriathlon.com\/blog\/2024\/12\/01\/triathlon-de-paladru-21-septembre-2024\/","url_meta":{"origin":2278,"position":4},"title":"Triathlon de Paladru (21 septembre 2024)","date":"1 d\u00e9cembre 2024","format":false,"excerpt":"Deux \u00e9quipes de Montceay ont fait le d\u00e9placement \u00e0 Paladru pour le triathlon L par \u00e9quipes. La Belle et les b\u00eates ( Sandrine Marchand, Arnaud Rondier, Sammy Marc, Frederic Ghesquiere et Philippe Bongrand) termine en 5h33 (99e au scratch et 33e \u00e9quipe mixte) Les Piplettes du Montceau ( Sophie Boyer,\u2026","rel":"","context":"Dans &quot;Non class\u00e9&quot;","img":{"alt_text":"","src":"https:\/\/i1.wp.com\/www.montceautriathlon.com\/blog\/wp-content\/uploads\/2024\/12\/paladru-3.jpg?resize=350%2C200&ssl=1","width":350,"height":200},"classes":[]},{"id":6889,"url":"https:\/\/www.montceautriathlon.com\/blog\/2024\/06\/20\/resultats-du-challenge-hivernal-2023-2024-de-bike-and-run\/","url_meta":{"origin":2278,"position":5},"title":"R\u00e9sultats du challenge hivernal 2023\/2024 de bike and run","date":"20 juin 2024","format":false,"excerpt":"Pour cette saison hivernale, 14 bike and run ont \u00e9t\u00e9 organis\u00e9s dans la r\u00e9gion Bourgogne Franche Comt\u00e9 Les Montcelliens, jeunes et adultes se sont d\u00e9plac\u00e9s \u00e0 plusieurs reprises. Cela permet pour plusieurs \u00e9quipes de monter sur les marches du podium. Voici les r\u00e9sultats: Course Jeunes 2: f\u00e9minine: Axelle Da Eira\u2026","rel":"","context":"Dans &quot;Non class\u00e9&quot;","img":{"alt_text":"","src":"","width":0,"height":0},"classes":[]}],"_links":{"self":[{"href":"https:\/\/www.montceautriathlon.com\/blog\/wp-json\/wp\/v2\/posts\/2278"}],"collection":[{"href":"https:\/\/www.montceautriathlon.com\/blog\/wp-json\/wp\/v2\/posts"}],"about":[{"href":"https:\/\/www.montceautriathlon.com\/blog\/wp-json\/wp\/v2\/types\/post"}],"author":[{"embeddable":true,"href":"https:\/\/www.montceautriathlon.com\/blog\/wp-json\/wp\/v2\/users\/5"}],"replies":[{"embeddable":true,"href":"https:\/\/www.montceautriathlon.com\/blog\/wp-json\/wp\/v2\/comments?post=2278"}],"version-history":[{"count":3,"href":"https:\/\/www.montceautriathlon.com\/blog\/wp-json\/wp\/v2\/posts\/2278\/revisions"}],"predecessor-version":[{"id":2284,"href":"https:\/\/www.montceautriathlon.com\/blog\/wp-json\/wp\/v2\/posts\/2278\/revisions\/2284"}],"wp:attachment":[{"href":"https:\/\/www.montceautriathlon.com\/blog\/wp-json\/wp\/v2\/media?parent=2278"}],"wp:term":[{"taxonomy":"category","embeddable":true,"href":"https:\/\/www.montceautriathlon.com\/blog\/wp-json\/wp\/v2\/categories?post=2278"},{"taxonomy":"post_tag","embeddable":true,"href":"https:\/\/www.montceautriathlon.com\/blog\/wp-json\/wp\/v2\/tags?post=2278"}],"curies":[{"name":"wp","href":"https:\/\/api.w.org\/{rel}","templated":true}]}}