{"id":2190,"date":"2018-09-18T11:27:30","date_gmt":"2018-09-18T10:27:30","guid":{"rendered":"http:\/\/montceautriathlon.com\/blog\/?p=2190"},"modified":"2018-09-21T16:11:57","modified_gmt":"2018-09-21T15:11:57","slug":"a-seurreon-ne-bat-pas-le-beurre-mon-frere-on-gagne-bravo-marius","status":"publish","type":"post","link":"https:\/\/www.montceautriathlon.com\/blog\/2018\/09\/18\/a-seurreon-ne-bat-pas-le-beurre-mon-frere-on-gagne-bravo-marius\/","title":{"rendered":"A Seurre,on ne bat pas le beurre  mon fr\u00e8re ! On gagne ! Bravo Marius !"},"content":{"rendered":"<p><a href=\"http:\/\/montceautriathlon.com\/blog\/wp-content\/uploads\/2018\/09\/Marius-Seurre.jpg\"><img data-attachment-id=\"2262\" data-permalink=\"https:\/\/www.montceautriathlon.com\/blog\/2018\/09\/18\/a-seurreon-ne-bat-pas-le-beurre-mon-frere-on-gagne-bravo-marius\/marius-seurre\/\" data-orig-file=\"https:\/\/www.montceautriathlon.com\/blog\/wp-content\/uploads\/2018\/09\/Marius-Seurre.jpg\" data-orig-size=\"2054,2739\" data-comments-opened=\"1\" data-image-meta=\"{&quot;aperture&quot;:&quot;2.2&quot;,&quot;credit&quot;:&quot;&quot;,&quot;camera&quot;:&quot;iPhone 6s Plus&quot;,&quot;caption&quot;:&quot;&quot;,&quot;created_timestamp&quot;:&quot;1537100526&quot;,&quot;copyright&quot;:&quot;&quot;,&quot;focal_length&quot;:&quot;4.15&quot;,&quot;iso&quot;:&quot;25&quot;,&quot;shutter_speed&quot;:&quot;0.00078003120124805&quot;,&quot;title&quot;:&quot;&quot;,&quot;orientation&quot;:&quot;0&quot;}\" data-image-title=\"Marius Seurre\" data-image-description=\"\" data-image-caption=\"\" data-medium-file=\"https:\/\/www.montceautriathlon.com\/blog\/wp-content\/uploads\/2018\/09\/Marius-Seurre-225x300.jpg\" data-large-file=\"https:\/\/www.montceautriathlon.com\/blog\/wp-content\/uploads\/2018\/09\/Marius-Seurre-768x1024.jpg\" loading=\"lazy\" class=\"size-medium wp-image-2262 alignleft\" src=\"http:\/\/montceautriathlon.com\/blog\/wp-content\/uploads\/2018\/09\/Marius-Seurre-225x300.jpg\" alt=\"\" width=\"225\" height=\"300\" srcset=\"https:\/\/www.montceautriathlon.com\/blog\/wp-content\/uploads\/2018\/09\/Marius-Seurre-225x300.jpg 225w, https:\/\/www.montceautriathlon.com\/blog\/wp-content\/uploads\/2018\/09\/Marius-Seurre-768x1024.jpg 768w\" sizes=\"(max-width: 225px) 100vw, 225px\" \/><\/a>Belle prestation de notre \u00e9cole de triathlon \u00e0 Seurre ce week-end avec la victoire au scratch de <span style=\"color: #ff0000;\"><strong>Marius Grivault<\/strong> <\/span>et les belles 6\u00e8me et 11\u00e8me place d&rsquo;Antoine Ballet et Jules Gouraud. Le Papa du vainqueur des 12\/13ans, Olivier Grivault, a aussi effectu\u00e9 une belle course sur le CLM S en terminant \u00e0 la 18\u00e8me place sur 155 class\u00e9s.\u00a0 Et une jolie 1\u00e8re place en poussin pour <span style=\"color: #ff0000;\">El\u00e9a B\u00e9rardan<\/span> ! Bravo \u00e0 tous !<\/p>\n<p>&nbsp;<\/p>\n<p>les r\u00e9sultats ci-dessous :<\/p>\n<p><strong>12\/13ans : 24 class\u00e9s<\/strong><\/p>\n<ul>\n<li>Marius Grivault\u00a0 15&rsquo;28\u00a0\u00bb <strong>1er scratch\u00a0\u00a0\u00a0\u00a0\u00a0 1er BjM<\/strong><\/li>\n<li>Antoine Ballet\u00a0\u00a0\u00a0\u00a0 16&rsquo;51\u00a0\u00bb\u00a0 6\u00e8me scratch\u00a0\u00a0 6\u00e8me BjM<\/li>\n<li>Jules Gouraud\u00a0\u00a0\u00a0\u00a0 17&rsquo;36&Prime;11\u00e8me scratch\u00a0 9\u00e8me BjM<\/li>\n<\/ul>\n<p><strong>8\/11ans : 40 class\u00e9s<\/strong><\/p>\n<ul>\n<li>Antonin Gauthier 11&rsquo;52\u00a0\u00bb 30\u00e8me scratch\u00a0 20\u00e8me pupM<\/li>\n<li>El\u00e9a B\u00e9rardan\u00a0\u00a0\u00a0\u00a0\u00a0 11&rsquo;56\u00a0\u00bb\u00a0 31\u00e8me scratch\u00a0\u00a0 <strong>1\u00e8re pousF<\/strong><\/li>\n<li>Zo\u00e9 Da Eira\u00a0\u00a0\u00a0\u00a0\u00a0\u00a0\u00a0\u00a0\u00a0 14&rsquo;01\u00a0\u00bb\u00a0\u00a0 40\u00e8me scratch\u00a0 8\u00e8me pup F<\/li>\n<\/ul>\n<p><strong>CLM distance S : 155 class\u00e9s<\/strong><\/p>\n<ul>\n<li>Olivier Grivault 18\u00e8me scratch 1h09&rsquo;16\u00a0\u00bb\u00a0 9\u00e8m\u00e8VH<\/li>\n<li>Eric Vaudelin 49\u00e8me scratch\u00a0\u00a0\u00a0 1h13&rsquo;42\u00a0\u00bb\u00a0 17\u00e8me VH<\/li>\n<li>Maud Perron\u00a0 119\u00e8me scratch\u00a0 1h26&rsquo;21\u00a0\u00bb\u00a0 11\u00e8me SEF<\/li>\n<li>Ir\u00e8ne Vulin\u00a0\u00a0\u00a0 154\u00e8me scratch\u00a0 1h47&rsquo;16\u00a0\u00bb\u00a0\u00a0\u00a0 6\u00e8me VEF<\/li>\n<\/ul>\n<p>&nbsp;<\/p>\n","protected":false},"excerpt":{"rendered":"<p>Belle prestation de notre \u00e9cole de triathlon \u00e0 Seurre ce week-end avec la victoire au scratch de Marius Grivault et les belles 6\u00e8me et 11\u00e8me place d&rsquo;Antoine Ballet et Jules Gouraud. Le Papa du vainqueur des 12\/13ans, Olivier Grivault, a aussi effectu\u00e9 une belle course sur le CLM S en terminant \u00e0 la 18\u00e8me place [&hellip;]<\/p>\n","protected":false},"author":5,"featured_media":0,"comment_status":"open","ping_status":"open","sticky":false,"template":"","format":"standard","meta":{"spay_email":"","jetpack_publicize_message":"","jetpack_is_tweetstorm":false},"categories":[1],"tags":[],"jetpack_featured_media_url":"","jetpack_publicize_connections":[],"jetpack_sharing_enabled":true,"jetpack_shortlink":"https:\/\/wp.me\/p8bwIy-zk","jetpack-related-posts":[{"id":1927,"url":"https:\/\/www.montceautriathlon.com\/blog\/2018\/04\/30\/triathlon-metal-valley-montbard-29-04-2018\/","url_meta":{"origin":2190,"position":0},"title":"Triathlon M\u00e9tal Valley MONTBARD 29\/04\/2018","date":"30 avril 2018","format":false,"excerpt":"Une forte et jeune \u00e9quipe du club s'est d\u00e9plac\u00e9e ce week-end \u00e0 Montbard. Une belle colonie de benjamin(e)s et de pupilles avec pour certains leur premier vrai triathlon. De beaux r\u00e9sultats ! Mention sp\u00e9ciale \u00e0 Marius Grivault 3\u00e8me Benjamin sur le XS avec une belle 16\u00e8me place au scratch sur\u2026","rel":"","context":"Dans &quot;Non class\u00e9&quot;","img":{"alt_text":"","src":"","width":0,"height":0},"classes":[]},{"id":2300,"url":"https:\/\/www.montceautriathlon.com\/blog\/2018\/10\/02\/cross-duathlon-de-chenove-30-09-18\/","url_meta":{"origin":2190,"position":1},"title":"CROSS DUATHLON de Chen\u00f4ve 30\/09\/18","date":"2 octobre 2018","format":false,"excerpt":"Deux beaux podiums pour l'\u00e9cole de triathlon. El\u00e9a B\u00e9rardan 1\u00e8re poussine et Marius Grivault, 2\u00e8me benjamin, tous les deux tr\u00e8s en forme en cette fin de saison ! Belle 4\u00e8me place aussi pour Antoine Ballet en benjamin. Seul triathl\u00e8te du club \u00e0 se pr\u00e9senter\u00a0 sur le S, Olivier Grivault\u00a0 termine\u2026","rel":"","context":"Dans &quot;Non class\u00e9&quot;","img":{"alt_text":"","src":"https:\/\/i2.wp.com\/montceautriathlon.com\/blog\/wp-content\/uploads\/2018\/10\/IMG_7781-225x300.jpg?resize=350%2C200","width":350,"height":200},"classes":[]},{"id":1949,"url":"https:\/\/www.montceautriathlon.com\/blog\/2018\/05\/15\/triathlon-dautun-13-05-2018\/","url_meta":{"origin":2190,"position":2},"title":"Triathlon d&rsquo;Autun 13\/05\/2018","date":"15 mai 2018","format":false,"excerpt":"Un beau d\u00e9placement de nos jeunes de l'\u00e9cole de triathlon ce week-end ! 15 partants sur les courses J1 et J2 du dimanche et 10 repr\u00e9sentants sur les 1\/2 finales du Championnat de France ! Malgr\u00e9 une m\u00e9t\u00e9o plus que fraiche ! Bravo \u00e0 eux ! Le samedi, Autun organisait\u2026","rel":"","context":"Dans &quot;Non class\u00e9&quot;","img":{"alt_text":"","src":"","width":0,"height":0},"classes":[]},{"id":2062,"url":"https:\/\/www.montceautriathlon.com\/blog\/2018\/07\/02\/triathlon-de-macon-1er-juillet-2018\/","url_meta":{"origin":2190,"position":3},"title":"Triathlon de M\u00e2con 1er juillet 2018","date":"2 juillet 2018","format":false,"excerpt":"Si la chaleur annonc\u00e9e a pu rebuter certains d'entre nous d'effectuer le d\u00e9placement, celle-ci a permis \u00e0 nos f\u00e9minines de briller au soleil. Marion Raclot 1\u00e8re f\u00e9minine\u00a0 (1\u00e8re SEF), Aude Demorti\u00e8re 3\u00e8me f\u00e9minine(1\u00e8re VE F)\u00a0 sur le S ! Bravo \u00e0 elles !\u00a0 Un joli podium du club !\u00a0 Chez\u2026","rel":"","context":"Dans &quot;Non class\u00e9&quot;","img":{"alt_text":"","src":"https:\/\/i0.wp.com\/montceautriathlon.com\/blog\/wp-content\/uploads\/2018\/07\/celine-et-laurent-300x225.jpg?resize=350%2C200","width":350,"height":200},"classes":[]},{"id":2020,"url":"https:\/\/www.montceautriathlon.com\/blog\/2018\/06\/25\/cap-a-lest-ces-23-et-24-juin-triathlon-de-st-point25-annecy74-et-xterra-switzerland\/","url_meta":{"origin":2190,"position":4},"title":"Cap \u00e0 l&rsquo;Est ces 23 et 24 juin ! Triathlon de St Point(25), Annecy(74) et Xterra Switzerland !","date":"25 juin 2018","format":false,"excerpt":"Belle performance au triathlon XTerra des Charbonni\u00e8res en Suisse ce samedi 23 juin d'Olivier Grivault au d\u00e9part de la formule light (S).\u00a0 \"Un parcours VTT tr\u00e8s technique o\u00f9 il faut dominer son appr\u00e9hension\"\u00a0 1h34'47\" 19\u00e8me scratch et 5\u00e8me VEM ! Bravo Olivier ! Triathlon du Lac de St Point\u00a0 pr\u00e8s\u2026","rel":"","context":"Dans &quot;Non class\u00e9&quot;","img":{"alt_text":"","src":"","width":0,"height":0},"classes":[]},{"id":2814,"url":"https:\/\/www.montceautriathlon.com\/blog\/2019\/05\/17\/12-mai-2019-triathlon-dautun-matin-chagrin\/","url_meta":{"origin":2190,"position":5},"title":"12 mai 2019, Triathlon d&rsquo;Autun : matin chagrin !","date":"17 mai 2019","format":false,"excerpt":"L'eau du plan d'eau du Vallon \u00e0 Autun \u00e9tait particuli\u00e8rement fraiche pour ne pas dire froide(proche des 10\u00b0 !) avec pour cons\u00e9quence la transformation du triathlon S en duathlon et de\u00a0 la premi\u00e8re \u00e9preuve (benjamines et minimes F)\u00a0 des demi-finales jeunes de triathlon zone grand Est qualificatives pour les Championnats\u2026","rel":"","context":"Dans &quot;Non class\u00e9&quot;","img":{"alt_text":"","src":"https:\/\/i1.wp.com\/montceautriathlon.com\/blog\/wp-content\/uploads\/2019\/05\/Autun-12-mai-300x225.jpg?resize=350%2C200","width":350,"height":200},"classes":[]}],"_links":{"self":[{"href":"https:\/\/www.montceautriathlon.com\/blog\/wp-json\/wp\/v2\/posts\/2190"}],"collection":[{"href":"https:\/\/www.montceautriathlon.com\/blog\/wp-json\/wp\/v2\/posts"}],"about":[{"href":"https:\/\/www.montceautriathlon.com\/blog\/wp-json\/wp\/v2\/types\/post"}],"author":[{"embeddable":true,"href":"https:\/\/www.montceautriathlon.com\/blog\/wp-json\/wp\/v2\/users\/5"}],"replies":[{"embeddable":true,"href":"https:\/\/www.montceautriathlon.com\/blog\/wp-json\/wp\/v2\/comments?post=2190"}],"version-history":[{"count":6,"href":"https:\/\/www.montceautriathlon.com\/blog\/wp-json\/wp\/v2\/posts\/2190\/revisions"}],"predecessor-version":[{"id":2264,"href":"https:\/\/www.montceautriathlon.com\/blog\/wp-json\/wp\/v2\/posts\/2190\/revisions\/2264"}],"wp:attachment":[{"href":"https:\/\/www.montceautriathlon.com\/blog\/wp-json\/wp\/v2\/media?parent=2190"}],"wp:term":[{"taxonomy":"category","embeddable":true,"href":"https:\/\/www.montceautriathlon.com\/blog\/wp-json\/wp\/v2\/categories?post=2190"},{"taxonomy":"post_tag","embeddable":true,"href":"https:\/\/www.montceautriathlon.com\/blog\/wp-json\/wp\/v2\/tags?post=2190"}],"curies":[{"name":"wp","href":"https:\/\/api.w.org\/{rel}","templated":true}]}}