{"id":2178,"date":"2018-09-18T10:38:16","date_gmt":"2018-09-18T09:38:16","guid":{"rendered":"http:\/\/montceautriathlon.com\/blog\/?p=2178"},"modified":"2018-09-18T10:38:16","modified_gmt":"2018-09-18T09:38:16","slug":"finale-d3-feminine-a-narbonne-recit-dune-belle-prestation-de-notre-equipe","status":"publish","type":"post","link":"https:\/\/www.montceautriathlon.com\/blog\/2018\/09\/18\/finale-d3-feminine-a-narbonne-recit-dune-belle-prestation-de-notre-equipe\/","title":{"rendered":"Finale D3 f\u00e9minine \u00e0 Narbonne : r\u00e9cit d&rsquo;une belle prestation de notre \u00e9quipe."},"content":{"rendered":"<blockquote class=\"western\"><p><span style=\"font-family: Liberation Serif, serif;\"><a href=\"http:\/\/montceautriathlon.com\/blog\/wp-content\/uploads\/2018\/09\/l\u00e9quipe-au-complet.jpg\"><img data-attachment-id=\"2182\" data-permalink=\"https:\/\/www.montceautriathlon.com\/blog\/2018\/09\/18\/finale-d3-feminine-a-narbonne-recit-dune-belle-prestation-de-notre-equipe\/equipe-au-complet\/\" data-orig-file=\"https:\/\/www.montceautriathlon.com\/blog\/wp-content\/uploads\/2018\/09\/l\u00e9quipe-au-complet.jpg\" data-orig-size=\"960,720\" data-comments-opened=\"1\" data-image-meta=\"{&quot;aperture&quot;:&quot;0&quot;,&quot;credit&quot;:&quot;&quot;,&quot;camera&quot;:&quot;&quot;,&quot;caption&quot;:&quot;&quot;,&quot;created_timestamp&quot;:&quot;0&quot;,&quot;copyright&quot;:&quot;&quot;,&quot;focal_length&quot;:&quot;0&quot;,&quot;iso&quot;:&quot;0&quot;,&quot;shutter_speed&quot;:&quot;0&quot;,&quot;title&quot;:&quot;&quot;,&quot;orientation&quot;:&quot;0&quot;}\" data-image-title=\"&amp;lsquo;\u00e9quipe au complet\" data-image-description=\"\" data-image-caption=\"\" data-medium-file=\"https:\/\/www.montceautriathlon.com\/blog\/wp-content\/uploads\/2018\/09\/l\u00e9quipe-au-complet-300x225.jpg\" data-large-file=\"https:\/\/www.montceautriathlon.com\/blog\/wp-content\/uploads\/2018\/09\/l\u00e9quipe-au-complet.jpg\" loading=\"lazy\" class=\"size-medium wp-image-2182 alignleft\" src=\"http:\/\/montceautriathlon.com\/blog\/wp-content\/uploads\/2018\/09\/l\u00e9quipe-au-complet-300x225.jpg\" alt=\"\" width=\"300\" height=\"225\" srcset=\"https:\/\/www.montceautriathlon.com\/blog\/wp-content\/uploads\/2018\/09\/l\u00e9quipe-au-complet-300x225.jpg 300w, https:\/\/www.montceautriathlon.com\/blog\/wp-content\/uploads\/2018\/09\/l\u00e9quipe-au-complet-768x576.jpg 768w, https:\/\/www.montceautriathlon.com\/blog\/wp-content\/uploads\/2018\/09\/l\u00e9quipe-au-complet.jpg 960w\" sizes=\"(max-width: 300px) 100vw, 300px\" \/><\/a>Apr\u00e8s avoir brillamment remport\u00e9 la demi-finale Grand Est de troisi\u00e8me division \u00e0 Besan\u00e7on en juin, l&rsquo;\u00e9quipe f\u00e9minine de Montceau-Triathlon a particip\u00e9 ce week-end \u00e0 la finale. L&rsquo;\u00e9preuve organis\u00e9e\u00a0 par le Club du Grand Narbonne Triathlon s&rsquo;est d\u00e9roul\u00e9e \u00e0 Saint Pierre la Mer (11). <\/span><span style=\"font-family: Liberation Serif, serif;\">Face aux meilleurs athl\u00e8tes de leur division , Aude DEMORTIERE, Ludivine LEQUIN, Marylene LEQUIN, Marion RACLOT et Alice VAURY ont pris le d\u00e9part ce dimanche matin \u00e0 9 heure pour 750 m de natation en mer, 20 km de v\u00e9lo dans les contreforts de la ville puis 5 km de course \u00e0 pied en bord de mer. <\/span><span style=\"font-family: Liberation Serif, serif;\">Le temps et le rang des trois meilleures athl\u00e8tes de chaque club sont retenus pour le classement final.<\/span><\/p><\/blockquote>\n<blockquote class=\"western\"><p><span style=\"font-family: Liberation Serif, serif;\">Peux habitu\u00e9es \u00e0 nager en mer, les filles appr\u00e9hendaient cette premi\u00e8re partie. L&rsquo;annonce par le corps arbitral\u00a0 de l&rsquo;interdiction de la\u00a0 combinaison n\u00e9opr\u00e8ne le matin m\u00eame (eau \u00e0 plus de 20\u00b0C: 20,5\u00b0C) n&rsquo;a pas arrang\u00e9 les choses. Cependant, les consignes donn\u00e9es la veille par les coachs restaient inchang\u00e9es: faire sa nage, ne pas paniquer quelle que soit sa place \u00e0 la sortie de l&rsquo;eau. Comme pr\u00e9vu, Maryl\u00e8ne est la premi\u00e8re fille du club a regagner la\u00a0 plage en 38 <sup>\u00e8me<\/sup> position, suivit de Ludivine, Marion, Alice et Aude.\u00a0\u00a0\u00a0\u00a0\u00a0\u00a0\u00a0\u00a0\u00a0\u00a0\u00a0\u00a0\u00a0\u00a0\u00a0\u00a0\u00a0\u00a0\u00a0\u00a0\u00a0\u00a0\u00a0\u00a0\u00a0\u00a0\u00a0\u00a0\u00a0\u00a0\u00a0\u00a0\u00a0\u00a0\u00a0\u00a0\u00a0\u00a0\u00a0\u00a0\u00a0 <\/span><span style=\"font-family: Liberation Serif, serif;\">Le parcours v\u00e9lo compos\u00e9 de trois mont\u00e9es successives puis d&rsquo;une grande descente a effectuer cinq fois\u00a0 \u00e9tait beaucoup plus \u00e0 leur avantage. Elles ont toutes remont\u00e9 des places. Ludivine effectue une grosse remont\u00e9e en d\u00e9crochant le 14 <sup>\u00e8me<\/sup> temps v\u00e9lo.\u00a0<\/span><\/p>\n<p><span style=\"font-family: Liberation Serif, serif;\">\u00a0\u00a0\u00a0\u00a0\u00a0\u00a0\u00a0\u00a0\u00a0\u00a0\u00a0\u00a0\u00a0\u00a0\u00a0\u00a0\u00a0\u00a0\u00a0\u00a0\u00a0\u00a0\u00a0\u00a0\u00a0\u00a0\u00a0\u00a0\u00a0\u00a0\u00a0\u00a0\u00a0\u00a0\u00a0\u00a0\u00a0\u00a0\u00a0\u00a0\u00a0\u00a0\u00a0\u00a0\u00a0\u00a0\u00a0\u00a0\u00a0\u00a0\u00a0\u00a0\u00a0\u00a0\u00a0\u00a0\u00a0\u00a0\u00a0\u00a0\u00a0\u00a0\u00a0\u00a0\u00a0\u00a0\u00a0\u00a0\u00a0\u00a0\u00a0\u00a0\u00a0\u00a0\u00a0 <a href=\"http:\/\/montceautriathlon.com\/blog\/wp-content\/uploads\/2018\/09\/2-installation-dans-le-parc-de-transition.jpg\"><img data-attachment-id=\"2184\" data-permalink=\"https:\/\/www.montceautriathlon.com\/blog\/2018\/09\/18\/finale-d3-feminine-a-narbonne-recit-dune-belle-prestation-de-notre-equipe\/2-installation-dans-le-parc-de-transition\/\" data-orig-file=\"https:\/\/www.montceautriathlon.com\/blog\/wp-content\/uploads\/2018\/09\/2-installation-dans-le-parc-de-transition.jpg\" data-orig-size=\"4128,2322\" data-comments-opened=\"1\" data-image-meta=\"{&quot;aperture&quot;:&quot;1.9&quot;,&quot;credit&quot;:&quot;&quot;,&quot;camera&quot;:&quot;SM-G390F&quot;,&quot;caption&quot;:&quot;&quot;,&quot;created_timestamp&quot;:&quot;1537086012&quot;,&quot;copyright&quot;:&quot;&quot;,&quot;focal_length&quot;:&quot;3.7&quot;,&quot;iso&quot;:&quot;50&quot;,&quot;shutter_speed&quot;:&quot;0.01&quot;,&quot;title&quot;:&quot;&quot;,&quot;orientation&quot;:&quot;1&quot;}\" data-image-title=\"2 installation dans le parc de transition\" data-image-description=\"\" data-image-caption=\"\" data-medium-file=\"https:\/\/www.montceautriathlon.com\/blog\/wp-content\/uploads\/2018\/09\/2-installation-dans-le-parc-de-transition-300x169.jpg\" data-large-file=\"https:\/\/www.montceautriathlon.com\/blog\/wp-content\/uploads\/2018\/09\/2-installation-dans-le-parc-de-transition-1024x576.jpg\" loading=\"lazy\" class=\"alignnone size-medium wp-image-2184\" src=\"http:\/\/montceautriathlon.com\/blog\/wp-content\/uploads\/2018\/09\/2-installation-dans-le-parc-de-transition-300x169.jpg\" alt=\"\" width=\"300\" height=\"169\" srcset=\"https:\/\/www.montceautriathlon.com\/blog\/wp-content\/uploads\/2018\/09\/2-installation-dans-le-parc-de-transition-300x169.jpg 300w, https:\/\/www.montceautriathlon.com\/blog\/wp-content\/uploads\/2018\/09\/2-installation-dans-le-parc-de-transition-768x432.jpg 768w, https:\/\/www.montceautriathlon.com\/blog\/wp-content\/uploads\/2018\/09\/2-installation-dans-le-parc-de-transition-1024x576.jpg 1024w\" sizes=\"(max-width: 300px) 100vw, 300px\" \/><\/a><a href=\"http:\/\/montceautriathlon.com\/blog\/wp-content\/uploads\/2018\/09\/0-reconnaissance-du-parcour-v\u00e9lo.jpg\"><img data-attachment-id=\"2183\" data-permalink=\"https:\/\/www.montceautriathlon.com\/blog\/2018\/09\/18\/finale-d3-feminine-a-narbonne-recit-dune-belle-prestation-de-notre-equipe\/0-reconnaissance-du-parcour-velo\/\" data-orig-file=\"https:\/\/www.montceautriathlon.com\/blog\/wp-content\/uploads\/2018\/09\/0-reconnaissance-du-parcour-v\u00e9lo.jpg\" data-orig-size=\"1313,1555\" data-comments-opened=\"1\" data-image-meta=\"{&quot;aperture&quot;:&quot;2.2&quot;,&quot;credit&quot;:&quot;&quot;,&quot;camera&quot;:&quot;SM-G390F&quot;,&quot;caption&quot;:&quot;&quot;,&quot;created_timestamp&quot;:&quot;1537014536&quot;,&quot;copyright&quot;:&quot;&quot;,&quot;focal_length&quot;:&quot;1.92&quot;,&quot;iso&quot;:&quot;50&quot;,&quot;shutter_speed&quot;:&quot;0.00085616438356164&quot;,&quot;title&quot;:&quot;&quot;,&quot;orientation&quot;:&quot;1&quot;}\" data-image-title=\"0 reconnaissance du parcour v\u00e9lo\" data-image-description=\"\" data-image-caption=\"\" data-medium-file=\"https:\/\/www.montceautriathlon.com\/blog\/wp-content\/uploads\/2018\/09\/0-reconnaissance-du-parcour-v\u00e9lo-253x300.jpg\" data-large-file=\"https:\/\/www.montceautriathlon.com\/blog\/wp-content\/uploads\/2018\/09\/0-reconnaissance-du-parcour-v\u00e9lo-865x1024.jpg\" loading=\"lazy\" class=\"wp-image-2183 alignleft\" src=\"http:\/\/montceautriathlon.com\/blog\/wp-content\/uploads\/2018\/09\/0-reconnaissance-du-parcour-v\u00e9lo-253x300.jpg\" alt=\"\" width=\"218\" height=\"258\" srcset=\"https:\/\/www.montceautriathlon.com\/blog\/wp-content\/uploads\/2018\/09\/0-reconnaissance-du-parcour-v\u00e9lo-253x300.jpg 253w, https:\/\/www.montceautriathlon.com\/blog\/wp-content\/uploads\/2018\/09\/0-reconnaissance-du-parcour-v\u00e9lo-768x910.jpg 768w, https:\/\/www.montceautriathlon.com\/blog\/wp-content\/uploads\/2018\/09\/0-reconnaissance-du-parcour-v\u00e9lo-865x1024.jpg 865w, https:\/\/www.montceautriathlon.com\/blog\/wp-content\/uploads\/2018\/09\/0-reconnaissance-du-parcour-v\u00e9lo.jpg 1313w\" sizes=\"(max-width: 218px) 100vw, 218px\" \/><\/a>\u00a0\u00a0\u00a0\u00a0\u00a0\u00a0\u00a0\u00a0\u00a0\u00a0\u00a0\u00a0\u00a0\u00a0\u00a0\u00a0\u00a0\u00a0\u00a0\u00a0\u00a0\u00a0\u00a0\u00a0\u00a0\u00a0\u00a0\u00a0 <\/span><span style=\"font-family: Liberation Serif, serif;\">Enfin, apr\u00e8s des transitions plut\u00f4t efficaces, les filles se sont \u00e9lanc\u00e9es en course \u00e0 pied avec comme objectif de maintenir leur place voir d&rsquo;en gagner. Dans cette partie c&rsquo;est Marion qui a tir\u00e9 son \u00e9pingle du jeu en effectuant le 28 <sup>\u00e8me<\/sup> temps.\u00a0\u00a0\u00a0\u00a0\u00a0\u00a0\u00a0\u00a0\u00a0\u00a0\u00a0\u00a0\u00a0\u00a0\u00a0\u00a0\u00a0\u00a0\u00a0\u00a0\u00a0\u00a0\u00a0\u00a0\u00a0\u00a0\u00a0\u00a0\u00a0 Au final, la course a \u00e9t\u00e9 remport\u00e9e par une athl\u00e8te n\u00e9o-z\u00e9landaise, Henrik Jony, suivit d&rsquo;une athl\u00e8te italienne, Carlotta Missaglia. Au classement par Club, celui des Tritons Meldois remporte l\u2019\u00e9preuve, suivi de Valence triathlon. Ces deux \u00e9quipes ont gagn\u00e9 leur accession en deuxi\u00e8me division.\u00a0\u00a0\u00a0\u00a0\u00a0\u00a0\u00a0\u00a0\u00a0\u00a0\u00a0\u00a0\u00a0\u00a0\u00a0\u00a0\u00a0\u00a0\u00a0\u00a0\u00a0\u00a0\u00a0\u00a0\u00a0\u00a0\u00a0\u00a0\u00a0\u00a0\u00a0\u00a0\u00a0\u00a0\u00a0\u00a0\u00a0\u00a0\u00a0\u00a0\u00a0\u00a0\u00a0\u00a0\u00a0\u00a0\u00a0\u00a0\u00a0\u00a0\u00a0\u00a0\u00a0\u00a0\u00a0\u00a0\u00a0\u00a0\u00a0\u00a0\u00a0\u00a0\u00a0\u00a0\u00a0 <\/span><span style=\"font-family: Liberation Serif, serif;\">Quant \u00e0 l\u2019\u00e9quipe\u00a0de Montceau Triathlon, elle termine \u00e0 la 13\u00e8me place au classement par rang et \u00e0 la 10\u00e8me place au classement par temps. Une performance honorable au vu du niveau de la concurrence.\u00a0\u00a0<\/span><span style=\"font-family: Liberation Serif, serif;\">Les filles tiennent, d&rsquo;ailleurs \u00e0 remercier chaleureusement les quelques supporters qui avaient sp\u00e9cialement fait le d\u00e9placement pour les encourager ainsi qu&rsquo;aux personnes qui les ont soutenues via les r\u00e9seaux sociaux.\u00a0\u00a0<\/span><\/p><\/blockquote>\n<blockquote class=\"western\"><p><span style=\"font-family: Liberation Serif, serif;\">Au classement individuel : <\/span><span style=\"font-family: Liberation Serif, serif;\">Ludivine L termine \u00e0 la 38 <sup>\u00e8me<\/sup> place, <\/span><span style=\"font-family: Liberation Serif, serif;\">Marion R. \u00e0 la 44<sup>\u00e8me<\/sup>,<\/span><span style=\"font-family: Liberation Serif, serif;\">Maryl\u00e8ne L. \u00e0 la 55 <sup>\u00e8me<\/sup>, <\/span><span style=\"font-family: Liberation Serif, serif;\">Aude (r\u00e9cente finisher de l&rsquo;Ironman de Vichy) 68 <sup>\u00e8me, <\/sup><\/span><span style=\"font-family: Liberation Serif, serif;\">Alice (en pr\u00e9paration pour le marathon du Beaujolais) 72 <sup>\u00e8me<\/sup>.<\/span><\/p>\n<p><a href=\"http:\/\/montceautriathlon.com\/blog\/wp-content\/uploads\/2018\/09\/4-apr\u00e8s-la-course.jpg\"><img data-attachment-id=\"2181\" data-permalink=\"https:\/\/www.montceautriathlon.com\/blog\/2018\/09\/18\/finale-d3-feminine-a-narbonne-recit-dune-belle-prestation-de-notre-equipe\/4-apres-la-course\/\" data-orig-file=\"https:\/\/www.montceautriathlon.com\/blog\/wp-content\/uploads\/2018\/09\/4-apr\u00e8s-la-course.jpg\" data-orig-size=\"4128,2322\" data-comments-opened=\"1\" data-image-meta=\"{&quot;aperture&quot;:&quot;1.9&quot;,&quot;credit&quot;:&quot;&quot;,&quot;camera&quot;:&quot;SM-G390F&quot;,&quot;caption&quot;:&quot;&quot;,&quot;created_timestamp&quot;:&quot;1537095729&quot;,&quot;copyright&quot;:&quot;&quot;,&quot;focal_length&quot;:&quot;3.7&quot;,&quot;iso&quot;:&quot;40&quot;,&quot;shutter_speed&quot;:&quot;0.00085616438356164&quot;,&quot;title&quot;:&quot;&quot;,&quot;orientation&quot;:&quot;1&quot;}\" data-image-title=\"4 apr\u00e8s la course\" data-image-description=\"\" data-image-caption=\"\" data-medium-file=\"https:\/\/www.montceautriathlon.com\/blog\/wp-content\/uploads\/2018\/09\/4-apr\u00e8s-la-course-300x169.jpg\" data-large-file=\"https:\/\/www.montceautriathlon.com\/blog\/wp-content\/uploads\/2018\/09\/4-apr\u00e8s-la-course-1024x576.jpg\" loading=\"lazy\" class=\"size-medium wp-image-2181 aligncenter\" src=\"http:\/\/montceautriathlon.com\/blog\/wp-content\/uploads\/2018\/09\/4-apr\u00e8s-la-course-300x169.jpg\" alt=\"\" width=\"300\" height=\"169\" srcset=\"https:\/\/www.montceautriathlon.com\/blog\/wp-content\/uploads\/2018\/09\/4-apr\u00e8s-la-course-300x169.jpg 300w, https:\/\/www.montceautriathlon.com\/blog\/wp-content\/uploads\/2018\/09\/4-apr\u00e8s-la-course-768x432.jpg 768w, https:\/\/www.montceautriathlon.com\/blog\/wp-content\/uploads\/2018\/09\/4-apr\u00e8s-la-course-1024x576.jpg 1024w\" sizes=\"(max-width: 300px) 100vw, 300px\" \/><\/a><\/p><\/blockquote>\n<p class=\"western\" align=\"justify\">\u00a0\u00a0\u00a0\u00a0\u00a0\u00a0\u00a0\u00a0 <span style=\"font-family: Liberation Serif, serif;\">classement complet:\u00a0 <\/span><span style=\"color: #000080;\"><span lang=\"zxx\"><u><a href=\"http:\/\/m.breizhchrono.com\/detail-de-la-course\/crs_id\/11873\/page\/1\/\"><span style=\"font-family: Liberation Serif, serif;\">http:\/\/m.breizhchrono.com\/detail-de-la-course\/crs_id\/11873\/page\/1\/<\/span><\/a><\/u><\/span><\/span><span style=\"font-family: Liberation Serif, serif;\">\u00a0<\/span><\/p>\n<p class=\"western\" style=\"text-align: left;\" align=\"justify\"><span style=\"font-family: Liberation Serif, serif;\">\u00a0\u00a0\u00a0\u00a0\u00a0\u00a0\u00a0\u00a0 La saison n&rsquo;est cependant pas termin\u00e9e pour les montceliennes, elle seront \u00e0 Paris les 29-30\u00a0\u00a0 septembre pour la\u00a0 finale de deuxi\u00e8me division de Duathlon (course \u00e0 pied,\u00a0 v\u00e9lo, course \u00e0 pied) puis elles joueront \u00e0 domicile lors de la Coupe de France des Clubs qui aura lieu les 13 et14 Octobre prochains, notre club\u00a0 comme vous le savez, <\/span><span style=\"font-family: Liberation Serif, serif;\">\u00e9tant l&rsquo;organisateur de ce grand rendez-vous du triple effort qui marque la fin de saison. A cette occasion, Ce sont pr\u00e8s de\u00a0 2000 athl\u00e8tes dont des professionnels de la discipline qui sont attendus sur les rives du Plessis.<\/span><\/p>\n<blockquote class=\"western\"><p><span style=\"font-family: Liberation Serif, serif;\">Les \u00e9quipes\u00a0 de Montceau Triathlon s\u00e9lectionn\u00e9es\u00a0 auront \u00e0 c\u0153ur de briller devant leur public. Le rendez vous est pris, venez les encourager.<\/span><\/p><\/blockquote>\n<blockquote class=\"western\"><p><span style=\"font-family: Liberation Serif, serif;\">Toutes les informations concernant cette manifestation\u00a0 sont sur le site du Club.<\/span><\/p><\/blockquote>\n<blockquote class=\"western\"><p><u><\/u><span style=\"font-family: Liberation Serif, serif;\">En attendant, comme le rappelle l&rsquo;encadrement sportif, place \u00e0 l&rsquo;entra\u00eenement d\u00e8s mercredi apr\u00e8s quelques jours de r\u00e9cup\u00e9ration.<\/span><\/p><\/blockquote>\n","protected":false},"excerpt":{"rendered":"<p>Apr\u00e8s avoir brillamment remport\u00e9 la demi-finale Grand Est de troisi\u00e8me division \u00e0 Besan\u00e7on en juin, l&rsquo;\u00e9quipe f\u00e9minine de Montceau-Triathlon a particip\u00e9 ce week-end \u00e0 la finale. L&rsquo;\u00e9preuve organis\u00e9e\u00a0 par le Club du Grand Narbonne Triathlon s&rsquo;est d\u00e9roul\u00e9e \u00e0 Saint Pierre la Mer (11). Face aux meilleurs athl\u00e8tes de leur division , Aude DEMORTIERE, Ludivine LEQUIN, [&hellip;]<\/p>\n","protected":false},"author":5,"featured_media":0,"comment_status":"open","ping_status":"open","sticky":false,"template":"","format":"standard","meta":{"spay_email":"","jetpack_publicize_message":"","jetpack_is_tweetstorm":false},"categories":[1],"tags":[],"jetpack_featured_media_url":"","jetpack_publicize_connections":[],"jetpack_sharing_enabled":true,"jetpack_shortlink":"https:\/\/wp.me\/p8bwIy-z8","jetpack-related-posts":[{"id":1543,"url":"https:\/\/www.montceautriathlon.com\/blog\/2017\/10\/01\/coupe-de-france-de-triathlon-a-laiguillon-sur-mer-samedi-30-septembre-2017\/","url_meta":{"origin":2178,"position":0},"title":"Coupe de France de Triathlon \u00e0 l&rsquo;Aiguillon-sur-Mer (Samedi 30 septembre 2017)","date":"1 octobre 2017","format":false,"excerpt":"Ce week-end avait lieu la coupe de France des Clubs de Triathlon \u00e0 l'Aiguillon-sur-Mer. Avec la pr\u00e9sence d'une \u00e9quipe f\u00e9minine et d'une \u00e9quipe masculine, les triathl\u00e8tes de Montceau ont repr\u00e9sent\u00e9 avec panache, les couleurs du club. Bravo \u00e0 vous tou(te)s ! Vu de l'int\u00e9rieur par Maryl\u00e8ne. \"Apr\u00e8s 6h30 de route,\u2026","rel":"","context":"Dans &quot;Non class\u00e9&quot;","img":{"alt_text":"","src":"https:\/\/i0.wp.com\/www.montceautriathlon.com\/blog\/wp-content\/uploads\/2017\/10\/Image-5.png.jpeg?resize=350%2C200&ssl=1","width":350,"height":200},"classes":[]},{"id":2278,"url":"https:\/\/www.montceautriathlon.com\/blog\/2018\/09\/25\/clm-de-nanton-une-bonne-preparation-pour-les-filles-du-duathlon\/","url_meta":{"origin":2178,"position":1},"title":"CLM de NANTON : une bonne pr\u00e9paration pour les filles du duathlon !","date":"25 septembre 2018","format":false,"excerpt":"Dimanche 23 septembre 2018, l\u2019Union V\u00e9locip\u00e9dique Chalonnaise\u00a0a organis\u00e9 le contre la montre de\u00a0Nanton, championnat FSGT 71 par \u00e9quipes de 4 pour les \u00e9quipes de clubs cyclistes Fsgt mais ouvert \u00e0 tous. 50 \u00e9quipes \u00e9taient au d\u00e9part dont 2 de Montceau Triathlon.\u00a0La meilleure \u00e9quipe finit les 21 km en 25\u201955\u201d81.\u00a0 \u00a0\u00a0\u00a0\u00a0\u00a0\u00a0\u00a0\u00a0\u00a0\u00a0\u00a0\u00a0\u00a0\u00a0\u00a0\u00a0\u00a0\u00a0\u00a0\u00a0\u00a0\u00a0\u00a0\u00a0\u00a0\u00a0\u00a0\u00a0\u00a0\u00a0\u00a0\u00a0\u00a0\u00a0\u00a0\u00a0\u00a0\u00a0\u00a0\u00a0\u00a0\u00a0\u00a0\u00a0\u00a0\u00a0\u00a0\u00a0\u00a0\u00a0\u00a0\u00a0\u00a0\u00a0\u00a0\u00a0\u00a0\u00a0\u00a0\u00a0\u00a0\u00a0\u00a0\u00a0\u00a0\u00a0\u00a0\u00a0\u00a0\u00a0\u00a0\u00a0\u00a0\u00a0\u00a0\u00a0\u00a0\u00a0\u00a0\u00a0\u00a0\u00a0\u00a0\u00a0\u00a0\u00a0\u00a0\u00a0\u00a0\u00a0\u00a0\u00a0\u00a0\u00a0\u00a0\u00a0\u00a0\u00a0\u00a0\u00a0\u00a0\u00a0\u00a0\u00a0\u00a0\u00a0\u00a0\u00a0\u00a0\u00a0\u00a0\u00a0\u00a0\u00a0\u00a0\u00a0\u00a0\u00a0\u00a0\u00a0\u00a0\u00a0\u00a0\u00a0\u00a0\u00a0\u00a0\u00a0\u00a0\u00a0\u00a0\u00a0\u00a0\u00a0\u00a0\u00a0\u00a0\u00a0\u00a0\u00a0\u00a0\u00a0\u00a0\u00a0\u00a0\u00a0\u00a0\u00a0\u00a0\u00a0\u00a0\u00a0\u00a0\u00a0\u00a0\u00a0\u00a0\u00a0\u00a0\u00a0\u00a0\u00a0\u00a0\u00a0\u00a0\u00a0\u00a0\u00a0\u00a0\u00a0\u00a0\u00a0\u00a0\u00a0\u00a0\u00a0\u00a0\u00a0\u00a0\u00a0\u00a0\u00a0\u00a0\u00a0\u00a0\u00a0\u00a0\u00a0\u00a0\u2026","rel":"","context":"Dans &quot;Non class\u00e9&quot;","img":{"alt_text":"","src":"https:\/\/i0.wp.com\/montceautriathlon.com\/blog\/wp-content\/uploads\/2018\/09\/filles-300x300.jpg?resize=350%2C200","width":350,"height":200},"classes":[]},{"id":1280,"url":"https:\/\/www.montceautriathlon.com\/blog\/2017\/05\/29\/12-finale-de-triathlon-d3-a-pont-audemer-dimanche-28-mai-2017\/","url_meta":{"origin":2178,"position":2},"title":"1\/2 finale de triathlon D3 \u00e0 Pont Audemer (Dimanche 28 mai 2017)","date":"29 mai 2017","format":false,"excerpt":"Apr\u00e8s s'\u00eatre qualifi\u00e9e \u00e0 Sens, l'\u00e9quipe compos\u00e9e de Ludivine et Maryl\u00e8ne LEQUIN ainsi que Marion RACLOT est all\u00e9e \u00e0 la demi finale \u00e0 Pont Audemer. Le d\u00e9part a \u00e9t\u00e9 donn\u00e9 ce dimanche matin \u00e0 8h35 \u00a0dans une eau \u00e0 22 degr\u00e9s (sans combinaison). Elles se sont alors \u00e9lanc\u00e9es sur 750\u2026","rel":"","context":"Dans &quot;Non class\u00e9&quot;","img":{"alt_text":"","src":"https:\/\/i1.wp.com\/www.montceautriathlon.com\/blog\/wp-content\/uploads\/2017\/05\/Triathlon_D3_PontAudemer_2017_2.jpg?resize=350%2C200&ssl=1","width":350,"height":200},"classes":[]},{"id":1298,"url":"https:\/\/www.montceautriathlon.com\/blog\/2017\/06\/07\/finale-du-championnat-de-france-jeunes-de-triathlon-samedi-03-juin-2017\/","url_meta":{"origin":2178,"position":3},"title":"Finale du championnat de France Jeunes de Triathlon (Samedi 03 juin 2017)","date":"7 juin 2017","format":false,"excerpt":"Ce week-end avait lieu les\u00a0championnats de France Jeunes de Triathlon qui se d\u00e9roulaient \u00e0 Pierrelatte et organis\u00e9s par\u00a0le Tricastin Triathlon Club. Nous avions 3 jeunes triathl\u00e8tes qui ont repr\u00e9sent\u00e9 brillamment les couleurs de notre\u00a0club et\u00a0bravo \u00e0 eux ! Tous les r\u00e9sultats: Ludivine LEQUIN : 51\u00b0 \/ CAF \/ 01:10:10 Maryl\u00e8ne\u2026","rel":"","context":"Dans &quot;Non class\u00e9&quot;","img":{"alt_text":"","src":"","width":0,"height":0},"classes":[]},{"id":1259,"url":"https:\/\/www.montceautriathlon.com\/blog\/2017\/05\/17\/12-finale-du-championnat-de-france-triathlon-jeunes-14-mai-2017\/","url_meta":{"origin":2178,"position":4},"title":"1\/2 Finale du championnat de France Triathlon Jeunes (14 mai 2017)","date":"17 mai 2017","format":false,"excerpt":"Ce weekend avait lieu les qualifications pour le championnat de France de triathlon jeunes qui se d\u00e9roulaient \u00e0 Vesoul. Trois\u00a0de nos jeunes se sont brillamment qualifi\u00e9s pour la finale qui aura lieu le samedi 03 juin \u00e0 Pierrelatte. Ludivine LEQUIN : 9\u00b0 scratch \/ 9\u00b0 CAF \/ 01:11:40 Maryl\u00e8ne LEQUIN\u2026","rel":"","context":"Dans &quot;Non class\u00e9&quot;","img":{"alt_text":"","src":"","width":0,"height":0},"classes":[]},{"id":683,"url":"https:\/\/www.montceautriathlon.com\/blog\/2016\/06\/20\/en-route-pour-la-finale-de-d3-de-triathlon-19-juin-2016\/","url_meta":{"origin":2178,"position":5},"title":"En route pour la finale de D3 de triathlon (19 juin 2016)","date":"20 juin 2016","format":false,"excerpt":"Apr\u00e8s une qualification \u00e0 Bourbon le 29 mai dernier, les filles de Montceau se sont rendues \u00e0 Besan\u00e7on dans l\u2019espoir de d\u00e9crocher une qualification pour la finale qui se d\u00e9roulera au mois de septembre en Vend\u00e9e. C\u2019est en \u00e9quipe que Maryl\u00e8ne et Ludivine Lequin accompagn\u00e9es de Aude Demorti\u00e8re se sont\u2026","rel":"","context":"Dans &quot;slide show&quot;","img":{"alt_text":"","src":"https:\/\/i1.wp.com\/www.montceautriathlon.com\/blog\/wp-content\/uploads\/2016\/06\/20160619_172351_Moment.jpg?resize=350%2C200&ssl=1","width":350,"height":200},"classes":[]}],"_links":{"self":[{"href":"https:\/\/www.montceautriathlon.com\/blog\/wp-json\/wp\/v2\/posts\/2178"}],"collection":[{"href":"https:\/\/www.montceautriathlon.com\/blog\/wp-json\/wp\/v2\/posts"}],"about":[{"href":"https:\/\/www.montceautriathlon.com\/blog\/wp-json\/wp\/v2\/types\/post"}],"author":[{"embeddable":true,"href":"https:\/\/www.montceautriathlon.com\/blog\/wp-json\/wp\/v2\/users\/5"}],"replies":[{"embeddable":true,"href":"https:\/\/www.montceautriathlon.com\/blog\/wp-json\/wp\/v2\/comments?post=2178"}],"version-history":[{"count":5,"href":"https:\/\/www.montceautriathlon.com\/blog\/wp-json\/wp\/v2\/posts\/2178\/revisions"}],"predecessor-version":[{"id":2189,"href":"https:\/\/www.montceautriathlon.com\/blog\/wp-json\/wp\/v2\/posts\/2178\/revisions\/2189"}],"wp:attachment":[{"href":"https:\/\/www.montceautriathlon.com\/blog\/wp-json\/wp\/v2\/media?parent=2178"}],"wp:term":[{"taxonomy":"category","embeddable":true,"href":"https:\/\/www.montceautriathlon.com\/blog\/wp-json\/wp\/v2\/categories?post=2178"},{"taxonomy":"post_tag","embeddable":true,"href":"https:\/\/www.montceautriathlon.com\/blog\/wp-json\/wp\/v2\/tags?post=2178"}],"curies":[{"name":"wp","href":"https:\/\/api.w.org\/{rel}","templated":true}]}}