{"id":2060,"date":"2018-06-28T08:38:26","date_gmt":"2018-06-28T07:38:26","guid":{"rendered":"http:\/\/montceautriathlon.com\/blog\/?p=2060"},"modified":"2018-06-28T08:38:26","modified_gmt":"2018-06-28T07:38:26","slug":"swimrun-vaulx-en-velin-69","status":"publish","type":"post","link":"https:\/\/www.montceautriathlon.com\/blog\/2018\/06\/28\/swimrun-vaulx-en-velin-69\/","title":{"rendered":"Swimrun VAULX en VELIN (69)"},"content":{"rendered":"<p>Deux \u00e9quipes de MontceauTriathlon sur ce petit 12km avec 10,5 de run et 1,3 de swim.<\/p>\n<p>110 participants.<\/p>\n<p>Eric et Alexis Vaudelin 8\u00e8mes au scratch et Fabienne Vaudelin et Sophie Boyer 68\u00e8mes !<\/p>\n<p>Bravo \u00e0 elles et eux !<\/p>\n","protected":false},"excerpt":{"rendered":"<p>Deux \u00e9quipes de MontceauTriathlon sur ce petit 12km avec 10,5 de run et 1,3 de swim. 110 participants. Eric et Alexis Vaudelin 8\u00e8mes au scratch et Fabienne Vaudelin et Sophie Boyer 68\u00e8mes ! Bravo \u00e0 elles et eux !<\/p>\n","protected":false},"author":5,"featured_media":0,"comment_status":"open","ping_status":"open","sticky":false,"template":"","format":"standard","meta":{"spay_email":"","jetpack_publicize_message":"","jetpack_is_tweetstorm":false},"categories":[1],"tags":[],"jetpack_featured_media_url":"","jetpack_publicize_connections":[],"jetpack_sharing_enabled":true,"jetpack_shortlink":"https:\/\/wp.me\/p8bwIy-xe","jetpack-related-posts":[{"id":1317,"url":"https:\/\/www.montceautriathlon.com\/blog\/2017\/06\/13\/triathlon-de-roannevillerest-dimanche-11-juin-2017\/","url_meta":{"origin":2060,"position":0},"title":"Triathlon de Roanne\/Villerest (Dimanche 11 juin 2017)","date":"13 juin 2017","format":false,"excerpt":"Formule tr\u00e8s sympa: un S en duo avec un parcours V\u00e9lo assez relev\u00e9, \u00a0et une C\u00e0P un peu trop au soleil !!! \u00a0 malgr\u00e9 tout, une belle organisation et un site agr\u00e9able! \u00a0 \u00e0 refaire... Tous les r\u00e9sultats: Christophe DELBLOUWE\u00a0et Eric\u00a0VAUDELIN :\u00a01h13 Sophie ROUSSEAU qui a remplac\u00e9 au pied lev\u00e9\u2026","rel":"","context":"Dans &quot;slide show&quot;","img":{"alt_text":"","src":"https:\/\/i1.wp.com\/www.montceautriathlon.com\/blog\/wp-content\/uploads\/2017\/06\/roanne15.jpg?resize=350%2C200&ssl=1","width":350,"height":200},"classes":[]},{"id":6036,"url":"https:\/\/www.montceautriathlon.com\/blog\/2023\/06\/22\/triathlon-autun\/","url_meta":{"origin":2060,"position":1},"title":"Triathlon Autun","date":"22 juin 2023","format":false,"excerpt":"Plusieurs de nos licenci\u00e9s se sont \u00e9galement retrouv\u00e9s sur le triathlon d'Autun.Course S : Eric Vaudelin\u00a0 25e au scratch et 2e V4 en 1h14 \/ Jean Luc Bonnetain\u00a0 31e au scratch et 3e V4 en 1h16\/ Elise Mauro\u00a0 55e au scratch et 2e JU en 1h29 \/ Fabienne Vaudelin 57e\u2026","rel":"","context":"Dans &quot;Non class\u00e9&quot;","img":{"alt_text":"","src":"https:\/\/i2.wp.com\/www.montceautriathlon.com\/blog\/wp-content\/uploads\/2023\/06\/IMG_5984-rotated.jpg?resize=350%2C200&ssl=1","width":350,"height":200},"classes":[]},{"id":1997,"url":"https:\/\/www.montceautriathlon.com\/blog\/2018\/06\/12\/triathlon-de-roanne-villerest-10-juin-2018\/","url_meta":{"origin":2060,"position":2},"title":"Triathlon de Roanne Villerest 10 juin 2018","date":"12 juin 2018","format":false,"excerpt":"Ce dimanche, Sophie Boyer et Nadine Dorme se sont d\u00e9plac\u00e9es Pr\u00e8s de Roanne pour une distance M autour du lac de Villerest. Fabienne Vaudelin et son fils Alexis effectuaient de leur c\u00f4t\u00e9 une \u00e9preuve distance S en duo. 105 class\u00e9s sur le M Sophie Boyer\u00a0\u00a0 100\u00e8me scratch\u00a0 2\u00e8me V2F\u00a0 3h19'18\"\u2026","rel":"","context":"Dans &quot;Non class\u00e9&quot;","img":{"alt_text":"","src":"","width":0,"height":0},"classes":[]},{"id":6444,"url":"https:\/\/www.montceautriathlon.com\/blog\/2023\/11\/12\/marathon-du-charolais\/","url_meta":{"origin":2060,"position":3},"title":"Marathon du Charolais","date":"12 novembre 2023","format":false,"excerpt":"Nos triathl\u00e8tes ont fi\u00e8rement repr\u00e9sent\u00e9s Montceau triathlon sur deux des trois courses du Marathon du charolais Une m\u00e9t\u00e9o un peu capricieuse , qui ne leur a pas emp\u00each\u00e9 d\u2019avoir le sourire et de faire de beaux chronos SUR LE 10km:- \u00c9ric Vaudelin en 41\u201921 (1er Master 5)- Alice Vaury en\u2026","rel":"","context":"Dans &quot;Non class\u00e9&quot;","img":{"alt_text":"","src":"https:\/\/i1.wp.com\/www.montceautriathlon.com\/blog\/wp-content\/uploads\/2023\/11\/trail-charolais.jpg?resize=350%2C200&ssl=1","width":350,"height":200},"classes":[]},{"id":6139,"url":"https:\/\/www.montceautriathlon.com\/blog\/2023\/09\/06\/les-dernieres-competitions-du-mois-daout\/","url_meta":{"origin":2060,"position":4},"title":"Les derni\u00e8res comp\u00e9titions du mois d&rsquo;ao\u00fbt","date":"6 septembre 2023","format":false,"excerpt":"Deux \u00e9preuves \u00e9taient organis\u00e9es en Bourgogne Franche Comt\u00e9 en cette fin du mois d'ao\u00fbt: le triathlon de Vesoul et le triathlon des Settons. A Vesoul, Berteline termine 6e au scratch de la course 10\/13 ans et Sophie M termine 122e au scratch de la course S. Aux Settons, Joshua \u00e9tait\u2026","rel":"","context":"Dans &quot;Non class\u00e9&quot;","img":{"alt_text":"","src":"https:\/\/i1.wp.com\/www.montceautriathlon.com\/blog\/wp-content\/uploads\/2023\/09\/370563328_663083129175996_610877029739711781_n.jpg?resize=350%2C200&ssl=1","width":350,"height":200},"classes":[]},{"id":2522,"url":"https:\/\/www.montceautriathlon.com\/blog\/2018\/11\/19\/18-11-18-a-laise-la-charolaise-tous-balaises\/","url_meta":{"origin":2060,"position":5},"title":"18\/11\/18 :  a l&rsquo;aise la Charolaise, tous balaises !","date":"19 novembre 2018","format":false,"excerpt":"r\u00e9sultats du semi: 123 class\u00e9s et un podium pour Aude 3\u00e8me f\u00e9minine ! Aude Demorti\u00e8re\u00a0\u00a0\u00a0 50\u00e8me scratch\u00a0 1h46'21 Bertrand de sars\u00a0\u00a0\u00a0\u00a0\u00a0\u00a0 53\u00e8me scratch 1h47'29 Charline Berthier \u00a0 \u00a0 \u00a0 65\u00e8me scratch 1h51'00 Kamel Boukhitine\u00a0\u00a0\u00a0\u00a0 87\u00e8me scratch 1h59'18 Laurence De Sars\u00a0\u00a0 102\u00e8me scratch\u00a0 2h05'08 M-Pierre Berthier\u00a0\u00a0\u00a0 106\u00e8me scratch\u00a0 2h06'58 Anne Lamborot\u00a0\u00a0\u00a0\u00a0\u00a0\u00a0\u00a0\u2026","rel":"","context":"Dans &quot;Non class\u00e9&quot;","img":{"alt_text":"","src":"https:\/\/i0.wp.com\/montceautriathlon.com\/blog\/wp-content\/uploads\/2018\/11\/podium-Aude-300x211.jpg?resize=350%2C200","width":350,"height":200},"classes":[]}],"_links":{"self":[{"href":"https:\/\/www.montceautriathlon.com\/blog\/wp-json\/wp\/v2\/posts\/2060"}],"collection":[{"href":"https:\/\/www.montceautriathlon.com\/blog\/wp-json\/wp\/v2\/posts"}],"about":[{"href":"https:\/\/www.montceautriathlon.com\/blog\/wp-json\/wp\/v2\/types\/post"}],"author":[{"embeddable":true,"href":"https:\/\/www.montceautriathlon.com\/blog\/wp-json\/wp\/v2\/users\/5"}],"replies":[{"embeddable":true,"href":"https:\/\/www.montceautriathlon.com\/blog\/wp-json\/wp\/v2\/comments?post=2060"}],"version-history":[{"count":1,"href":"https:\/\/www.montceautriathlon.com\/blog\/wp-json\/wp\/v2\/posts\/2060\/revisions"}],"predecessor-version":[{"id":2061,"href":"https:\/\/www.montceautriathlon.com\/blog\/wp-json\/wp\/v2\/posts\/2060\/revisions\/2061"}],"wp:attachment":[{"href":"https:\/\/www.montceautriathlon.com\/blog\/wp-json\/wp\/v2\/media?parent=2060"}],"wp:term":[{"taxonomy":"category","embeddable":true,"href":"https:\/\/www.montceautriathlon.com\/blog\/wp-json\/wp\/v2\/categories?post=2060"},{"taxonomy":"post_tag","embeddable":true,"href":"https:\/\/www.montceautriathlon.com\/blog\/wp-json\/wp\/v2\/tags?post=2060"}],"curies":[{"name":"wp","href":"https:\/\/api.w.org\/{rel}","templated":true}]}}