{"id":1960,"date":"2018-05-23T12:39:32","date_gmt":"2018-05-23T11:39:32","guid":{"rendered":"http:\/\/montceautriathlon.com\/blog\/?p=1960"},"modified":"2018-05-23T12:39:32","modified_gmt":"2018-05-23T11:39:32","slug":"triathlon-du-pilon-dimanche-20-mai-2018","status":"publish","type":"post","link":"https:\/\/www.montceautriathlon.com\/blog\/2018\/05\/23\/triathlon-du-pilon-dimanche-20-mai-2018\/","title":{"rendered":"Triathlon du Pilon (Dimanche 20 mai 2018)"},"content":{"rendered":"<p><strong>Course jeunes 6-9 ans\u00a0 32 class\u00e9s :<\/strong><\/p>\n<ul>\n<li>Titouan RONDIER\u00a0\u00a0\u00a0\u00a0\u00a0\u00a0\u00a0 5\u00e8me scratch\u00a0\u00a0\u00a0\u00a0\u00a0 5\u00e8me POM \u00a0\u00a0\u00a0\u00a0\u00a0\u00a0 04&rsquo;49\u00a0\u00bb<\/li>\n<li>Jules ENCINAS \u00a0\u00a0\u00a0\u00a0\u00a0\u00a0\u00a0\u00a0\u00a0\u00a0 13\u00e8me scratch\u00a0\u00a0\u00a0 11\u00e8me POM \u00a0\u00a0\u00a0\u00a0\u00a0 05\u201924&Prime;<\/li>\n<li>El\u00e9a BERARDAN\u00a0\u00a0\u00a0\u00a0\u00a0\u00a0\u00a0 14\u00e8me scratch\u00a0\u00a0\u00a0 <strong>3\u00e8me POF<\/strong> \u00a0\u00a0\u00a0\u00a0\u00a0\u00a0\u00a0 05\u201929&Prime;<\/li>\n<li>Lou GRIVAULT\u00a0\u00a0\u00a0\u00a0\u00a0\u00a0\u00a0\u00a0\u00a0\u00a0 19\u00e8me scratch\u00a0\u00a0\u00a0 6\u00e8me<strong>\u00a0 <\/strong>POF \u00a0\u00a0\u00a0\u00a0\u00a0\u00a0\u00a0 05&rsquo;44\u00a0\u00bb<\/li>\n<li>Julie DEMORTIERE\u00a0\u00a0\u00a0 20\u00e8me scratch\u00a0 \u00a0 7\u00e8me POF\u00a0\u00a0\u00a0\u00a0\u00a0\u00a0\u00a0\u00a0\u00a0 05&rsquo;47\u00a0\u00bb<\/li>\n<li>Axelle DA EIRA\u00a0\u00a0\u00a0\u00a0\u00a0\u00a0\u00a0\u00a0\u00a0 31\u00e8me scratch\u00a0\u00a0\u00a0 <strong>2\u00e8me MPF\u00a0\u00a0<\/strong>\u00a0\u00a0\u00a0\u00a0\u00a0\u00a0 07&rsquo;15\u00a0\u00bb<\/li>\n<\/ul>\n<p><strong>Course jeunes 10-13 ans\u00a0 33 class\u00e9s :<\/strong><\/p>\n<ul>\n<li>Marius GRIVAULT\u00a0\u00a0\u00a0\u00a0\u00a0 <strong>2\u00e8me scratch<\/strong>\u00a0\u00a0\u00a0 <strong>2\u00e8me BEM<\/strong>\u00a0\u00a0\u00a0\u00a0\u00a0\u00a0\u00a0 18&rsquo;23\u00a0\u00bb<\/li>\n<li>Marie DEMORTIERE\u00a0 <strong>3\u00e8me scratch\u00a0<\/strong>\u00a0\u00a0 <strong>1\u00e8re BEF<\/strong>\u00a0\u00a0\u00a0\u00a0\u00a0\u00a0\u00a0\u00a0\u00a0\u00a0 19&rsquo;05\u00a0\u00bb<\/li>\n<li>Marine DA EIRA\u00a0\u00a0\u00a0\u00a0\u00a0\u00a0\u00a0\u00a0\u00a0 8\u00e8me scratch\u00a0\u00a0\u00a0\u00a0 4\u00e8me BEF\u00a0\u00a0\u00a0\u00a0\u00a0\u00a0\u00a0\u00a0\u00a0 21&rsquo;08\u00a0\u00bb<\/li>\n<li>Jules GOURAUD\u00a0\u00a0\u00a0\u00a0\u00a0\u00a0\u00a0\u00a0 15\u00e8me scratch\u00a0\u00a0 4\u00e8me BEM\u00a0\u00a0\u00a0\u00a0\u00a0\u00a0\u00a0\u00a0 22&rsquo;56\u00a0\u00bb<\/li>\n<li>Jeanne RONDIER\u00a0\u00a0\u00a0\u00a0\u00a0\u00a0\u00a0 22\u00e8me scratch\u00a0\u00a0\u00a0 <strong>2\u00e8me PUF<\/strong>\u00a0\u00a0\u00a0\u00a0\u00a0\u00a0\u00a0\u00a0 24&rsquo;51\u00a0\u00bb<\/li>\n<li>Antonin GAUTHIER\u00a0 23\u00e8me scratch\u00a0\u00a0\u00a0\u00a0 7\u00e8me PUM\u00a0\u00a0\u00a0\u00a0\u00a0\u00a0\u00a0 25&rsquo;05\u00a0\u00bb<\/li>\n<li>Hugo MENTRE\u00a0\u00a0\u00a0\u00a0\u00a0\u00a0\u00a0\u00a0\u00a0 26\u00e8me scratch\u00a0\u00a0\u00a0\u00a0 8\u00e8me PUM\u00a0\u00a0\u00a0\u00a0\u00a0\u00a0\u00a0 26&rsquo;00\u00a0\u00bb<\/li>\n<\/ul>\n<p><strong>Course XS 42 class\u00e9s :<br \/>\n<\/strong><\/p>\n<ul>\n<li>Alexis DEMORTIERE\u00a0 15\u00e8me scratch\u00a0\u00a0\u00a0\u00a0 10\u00e8me MIM \u00a0\u00a0 45\u201933&Prime;<\/li>\n<li>Cyrille BERARDAN\u00a0\u00a0\u00a0\u00a0 25\u00e8me scratch\u00a0\u00a0\u00a0\u00a0 <strong>3\u00e8me SEM\u00a0<\/strong>\u00a0\u00a0\u00a0 50\u201946&Prime;<\/li>\n<li>Tom GHESQUIERE \u00a0\u00a0\u00a0 31\u00e8me scratch\u00a0\u00a0\u00a0\u00a0 <strong>3\u00e8me CAM<\/strong>\u00a0\u00a0\u00a0\u00a0 54\u201908<\/li>\n<\/ul>\n<p><strong>Course S\u00a0 140 class\u00e9s :<\/strong><\/p>\n<ul>\n<li>Beno\u00eet THIERRY \u00a0\u00a0\u00a0\u00a0\u00a0\u00a0\u00a0\u00a0\u00a0\u00a0\u00a0\u00a0\u00a0\u00a0 32\u00e8me scratch\u00a0\u00a0\u00a0\u00a0 2\u00e8me V2M \u00a0\u00a0\u00a0\u00a0\u00a0 1h20\u201939&Prime;<\/li>\n<li>Eric VAUDELIN \u00a0\u00a0\u00a0\u00a0\u00a0\u00a0\u00a0\u00a0\u00a0\u00a0\u00a0\u00a0\u00a0\u00a0\u00a0 38\u00e8me scratch\u00a0\u00a0\u00a0\u00a0 1er V3M \u00a0\u00a0\u00a0\u00a0\u00a0\u00a0\u00a0\u00a0 1h22\u201902&Prime;<\/li>\n<li>Mickael VERDU\u00a0\u00a0\u00a0\u00a0\u00a0\u00a0\u00a0\u00a0\u00a0\u00a0\u00a0\u00a0\u00a0\u00a0\u00a0\u00a0 39\u00e8me scratch\u00a0\u00a0\u00a0\u00a0 5\u00e8me S4M\u00a0\u00a0\u00a0\u00a0\u00a0\u00a0 1h22&rsquo;16\u00a0\u00bb<\/li>\n<li>Alain GUICHARD\u00a0\u00a0\u00a0\u00a0\u00a0\u00a0\u00a0\u00a0\u00a0\u00a0\u00a0\u00a0 43\u00e8me scratch\u00a0\u00a0\u00a0\u00a0 3\u00e8me V3M\u00a0\u00a0\u00a0\u00a0\u00a0\u00a0 1h23&rsquo;16\u00a0\u00bb<\/li>\n<li>Arnaud RONDIER\u00a0\u00a0\u00a0\u00a0 \u00a0 \u00a0 \u00a0\u00a0\u00a0 72\u00e8me scratch\u00a0\u00a0\u00a0\u00a0 8\u00e8me V1M\u00a0\u00a0\u00a0\u00a0\u00a0\u00a0 1h28&rsquo;22\u00a0\u00bb<\/li>\n<li>Ludovic BALLICO\u00a0\u00a0\u00a0\u00a0\u00a0\u00a0\u00a0\u00a0\u00a0\u00a0\u00a0 74\u00e8me scratch\u00a0\u00a0\u00a0\u00a0 7\u00e8me S3M\u00a0\u00a0\u00a0\u00a0\u00a0\u00a0\u00a0 1h28&rsquo;41\u00a0\u00bb<\/li>\n<li>Jean-Charles NOSEDA\u00a0\u00a0\u00a0\u00a0\u00a0 76\u00e8me scratch\u00a0\u00a0\u00a0\u00a0 7\u00e8me V2M\u00a0\u00a0\u00a0\u00a0\u00a0\u00a0 1h29&rsquo;33\u00a0\u00bb<\/li>\n<li>Fr\u00e9d\u00e9ric GHESQUIERE\u00a0\u00a0\u00a0 84\u00e8me scratch\u00a0\u00a0\u00a0\u00a0 9\u00e8me V2M\u00a0\u00a0\u00a0\u00a0\u00a0\u00a0 1h31&rsquo;00\u00a0\u00bb<\/li>\n<li>Philippe BONGRAND\u00a0\u00a0\u00a0\u00a0\u00a0 93\u00e8me scratch\u00a0\u00a0\u00a0\u00a0 2\u00e8me V4M\u00a0\u00a0\u00a0\u00a0\u00a0\u00a0 1h35&rsquo;01\u00a0\u00bb<\/li>\n<li>Sandrine GHESQUIERE\u00a0\u00a0 98\u00e8me scratch\u00a0\u00a0\u00a0\u00a0 2\u00e8me V1F\u00a0\u00a0\u00a0\u00a0\u00a0\u00a0\u00a0 1h36&rsquo;29\u00a0\u00bb<\/li>\n<li>Sandrine MARCHAND\u00a0\u00a0\u00a0 108\u00e8me scratch\u00a0\u00a0\u00a0 2\u00e8me V2F\u00a0\u00a0\u00a0\u00a0\u00a0\u00a0\u00a0 1h40&rsquo;04\u00a0\u00bb<\/li>\n<li>Isabelle VAURY\u00a0\u00a0\u00a0\u00a0\u00a0\u00a0\u00a0\u00a0\u00a0\u00a0\u00a0\u00a0\u00a0\u00a0\u00a0 114\u00e8me scratch\u00a0\u00a0\u00a0 2\u00e8me V2F\u00a0\u00a0\u00a0\u00a0\u00a0\u00a0\u00a0 1h42&rsquo;48\u00a0\u00bb<\/li>\n<li>Sophie ROUSSEAU\u00a0\u00a0\u00a0\u00a0\u00a0\u00a0\u00a0\u00a0 115\u00e8me scratch\u00a0\u00a0\u00a0 3\u00e8me V1F\u00a0\u00a0\u00a0\u00a0\u00a0\u00a0\u00a0 1h43&rsquo;04\u00a0\u00bb<\/li>\n<li>Laure ROCHAIX\u00a0\u00a0\u00a0\u00a0\u00a0\u00a0\u00a0\u00a0\u00a0\u00a0\u00a0\u00a0\u00a0 118\u00e8me scratch\u00a0\u00a0\u00a0 4\u00e8me V1F\u00a0\u00a0\u00a0\u00a0\u00a0\u00a0\u00a0 1h44&rsquo;05\u00a0\u00bb<\/li>\n<li>Elisabeth NOSEDA\u00a0\u00a0\u00a0\u00a0\u00a0\u00a0\u00a0\u00a0\u00a0\u00a0 122\u00e8me scratch\u00a0\u00a0 5\u00e8me V1F\u00a0\u00a0\u00a0\u00a0\u00a0\u00a0\u00a0 1h47&rsquo;30\u00a0\u00bb<\/li>\n<\/ul>\n<p><strong>Course S REL\u00a0 5 class\u00e9s :<\/strong><\/p>\n<ul>\n<li>Sophie BOYER\/Laurent BOYER (TEAM DESBOIS)\u00a0\u00a0\u00a0\u00a0\u00a0\u00a0 40\u00e8me scratch\u00a0\u00a0\u00a0\u00a0 2\u00e8me RELX \u00a0\u00a0\u00a0\u00a0\u00a0 1h22\u201935&Prime;<\/li>\n<li>Jean-Jacques BOULAY\/Pierre PERRIN (Montceau Tri -BGs)\u00a0\u00a0\u00a0\u00a0\u00a0 75\u00e8me\u00a0\u00a0\u00a0 1er RELM\u00a0\u00a0\u00a0\u00a0\u00a0\u00a0\u00a0\u00a0\u00a0\u00a0 1h29&rsquo;21\u00a0\u00bb<\/li>\n<\/ul>\n<p><strong>Poursuite XS+S\u00a0 129 class\u00e9s :<\/strong><\/p>\n<p>Tous les r\u00e9sultats en suivant ce <a href=\"http:\/\/chronoweb.com\/resultats.html\" target=\"_blank\" rel=\"noopener\">lien<\/a><\/p>\n","protected":false},"excerpt":{"rendered":"<p>Course jeunes 6-9 ans\u00a0 32 class\u00e9s : Titouan RONDIER\u00a0\u00a0\u00a0\u00a0\u00a0\u00a0\u00a0 5\u00e8me scratch\u00a0\u00a0\u00a0\u00a0\u00a0 5\u00e8me POM \u00a0\u00a0\u00a0\u00a0\u00a0\u00a0 04&rsquo;49\u00a0\u00bb Jules ENCINAS \u00a0\u00a0\u00a0\u00a0\u00a0\u00a0\u00a0\u00a0\u00a0\u00a0 13\u00e8me scratch\u00a0\u00a0\u00a0 11\u00e8me POM \u00a0\u00a0\u00a0\u00a0\u00a0 05\u201924&Prime; El\u00e9a BERARDAN\u00a0\u00a0\u00a0\u00a0\u00a0\u00a0\u00a0 14\u00e8me scratch\u00a0\u00a0\u00a0 3\u00e8me POF \u00a0\u00a0\u00a0\u00a0\u00a0\u00a0\u00a0 05\u201929&Prime; Lou GRIVAULT\u00a0\u00a0\u00a0\u00a0\u00a0\u00a0\u00a0\u00a0\u00a0\u00a0 19\u00e8me scratch\u00a0\u00a0\u00a0 6\u00e8me\u00a0 POF \u00a0\u00a0\u00a0\u00a0\u00a0\u00a0\u00a0 05&rsquo;44\u00a0\u00bb Julie DEMORTIERE\u00a0\u00a0\u00a0 20\u00e8me scratch\u00a0 \u00a0 7\u00e8me POF\u00a0\u00a0\u00a0\u00a0\u00a0\u00a0\u00a0\u00a0\u00a0 05&rsquo;47\u00a0\u00bb Axelle DA EIRA\u00a0\u00a0\u00a0\u00a0\u00a0\u00a0\u00a0\u00a0\u00a0 31\u00e8me scratch\u00a0\u00a0\u00a0 2\u00e8me MPF\u00a0\u00a0\u00a0\u00a0\u00a0\u00a0\u00a0\u00a0 [&hellip;]<\/p>\n","protected":false},"author":1,"featured_media":0,"comment_status":"open","ping_status":"open","sticky":false,"template":"","format":"standard","meta":{"spay_email":"","jetpack_publicize_message":"","jetpack_is_tweetstorm":false},"categories":[1],"tags":[],"jetpack_featured_media_url":"","jetpack_publicize_connections":[],"jetpack_sharing_enabled":true,"jetpack_shortlink":"https:\/\/wp.me\/p8bwIy-vC","jetpack-related-posts":[{"id":2779,"url":"https:\/\/www.montceautriathlon.com\/blog\/2019\/04\/29\/28-04-19-montbard-debut-de-la-saison-triathlon-top-depart\/","url_meta":{"origin":1960,"position":0},"title":"28\/04\/19, Montbard : d\u00e9but de la saison triathlon. Top D\u00e9part !","date":"29 avril 2019","format":false,"excerpt":"360 triathl\u00e8tes sont venus braver la m\u00e9t\u00e9o plus que maussade et les eaux fraiches du canal pour ce premier triathlon de la saison et parmi eux\u00a0 un \u00e9quipage f\u00e9minin\u00a0 et huit jeunes de l'\u00e9cole de triathlon. Et des podiums \u00e0 la cl\u00e9 ! les r\u00e9sultats ci-dessous : tri S\u00a0 :\u2026","rel":"","context":"Dans &quot;Non class\u00e9&quot;","img":{"alt_text":"","src":"","width":0,"height":0},"classes":[]},{"id":1683,"url":"https:\/\/www.montceautriathlon.com\/blog\/2017\/11\/27\/resultats-bikerun-dole\/","url_meta":{"origin":1960,"position":1},"title":"RESULTATS BIKE&#038;RUN DOLE","date":"27 novembre 2017","format":false,"excerpt":"Tous les r\u00e9sultats dans le fichier joint :\u00a0\u00a0\u00a0\u00a0\u00a0\u00a0\u00a0\u00a0\u00a0\u00a0\u00a0\u00a0\u00a0\u00a0 RESULTATS Bike and run _DOLE_ 2017 Premi\u00e8re manche du circuit plus d\u00e9licate avec de vraies difficult\u00e9s : boue, d\u00e9nivel\u00e9, et singles \u00e0 la queue leu leu ! Bravo les courageux ! r\u00e9sultats jeunes 1\u00a0\u00a0\u00a0\u00a0\u00a0\u00a0\u00a0\u00a0\u00a0 2\u00a0km\u00a0\u00a0\u00a0\u00a0\u00a0\u00a0\u00a0 25 participants Zo\u00e9 Da Eira\/Lou Grivaut\u00a0\u00a0\u00a0\u00a0\u00a0\u00a0\u00a0\u00a0\u00a0\u00a0\u00a0\u00a0\u00a0\u00a0 \u00a0\u2026","rel":"","context":"Dans &quot;Non class\u00e9&quot;","img":{"alt_text":"","src":"","width":0,"height":0},"classes":[]},{"id":1749,"url":"https:\/\/www.montceautriathlon.com\/blog\/2018\/02\/05\/bikerun-autun-4-fevrier-2018\/","url_meta":{"origin":1960,"position":2},"title":"BIKE&#038;RUN AUTUN    4 f\u00e9vrier 2018","date":"5 f\u00e9vrier 2018","format":false,"excerpt":"Une forte participation du club avec 14 \u00e9quipes adultes et 8 \u00e9quipes jeunes \u00e0 cette huiti\u00e8me \u00e9tape du circuit Bike&Run et de belles performances \u00e0 la cl\u00e9. les r\u00e9sultats ci-dessous : course XS : 49 \u00e9quipes au d\u00e9part BONGRAND Camille LECAT Jason 1\u00e8reSE \/Homme 00:46:41 2\u00e8me\/scratch LEQUIN Ludivine GALARATTI Nicolas\u2026","rel":"","context":"Dans &quot;Non class\u00e9&quot;","img":{"alt_text":"","src":"","width":0,"height":0},"classes":[]},{"id":2610,"url":"https:\/\/www.montceautriathlon.com\/blog\/2019\/02\/06\/3-02-2019-bike-run-dautun-les-jeunes-au-train\/","url_meta":{"origin":1960,"position":3},"title":"3\/02\/2019, Bike &#038; Run d&rsquo;Autun : les jeunes au train !","date":"6 f\u00e9vrier 2019","format":false,"excerpt":"Sept \u00e9quipes jeunes engag\u00e9es et cinq podiums ! Joli tir group\u00e9 de notre \u00e9cole de triathlon qui, ce dimanche \u00e0 Autun (sans \u00eatre hautain), n'a pas usurp\u00e9 sa septi\u00e8me place du classement 2018 des 26 \u00e9coles de triathlon de la r\u00e9gion. Bravo les jeunes et good job Sophie ! Quant\u2026","rel":"","context":"Dans &quot;Non class\u00e9&quot;","img":{"alt_text":"","src":"https:\/\/i2.wp.com\/montceautriathlon.com\/blog\/wp-content\/uploads\/2019\/02\/autun-pleins-feux-sur-le-bike-and-run-d-autun-triathlon-125438-300x200.jpg?resize=350%2C200","width":350,"height":200},"classes":[]},{"id":3201,"url":"https:\/\/www.montceautriathlon.com\/blog\/2019\/09\/24\/22-09-19triathlon-de-seurre-un-contre-la-montre-presqua-lheure\/","url_meta":{"origin":1960,"position":4},"title":"22\/09\/19,triathlon de Seurre : un contre la montre presqu&rsquo;\u00e0 l&rsquo;heure !","date":"24 septembre 2019","format":false,"excerpt":"Une petite dizaine de jeunes de l'\u00e9cole de triathlon ont r\u00e9pondu pr\u00e9sents sur les courses J1, J2 et XS ainsi que 6 adultes sur la course S en contre la montre. De bons r\u00e9sultats dans l'ensemble. Marion et Ludivine (et 1\u00e8re JUF) sur le podium f\u00e9minin, Marius et Antoine ratent\u2026","rel":"","context":"Dans &quot;Non class\u00e9&quot;","img":{"alt_text":"","src":"","width":0,"height":0},"classes":[]},{"id":3035,"url":"https:\/\/www.montceautriathlon.com\/blog\/2019\/07\/09\/7-juillet-2019-triathlon-de-macon-un-triathlon-fecond\/","url_meta":{"origin":1960,"position":5},"title":"7 juillet 2019, triathlon de M\u00e2con: un triathlon f\u00e9cond !","date":"9 juillet 2019","format":false,"excerpt":"Ce dimanche 7 juillet, ce n'est pas le rubicond qu'il fallait franchir \u00e0 M\u00e2con mais plut\u00f4t la chaleur le long de la Sa\u00f4ne comme un peu partout sur les triathlons. C'est donc 27 courageux triathl\u00e8tes du club dont 13 jeunes de l'\u00e9cole de tri qui se sont align\u00e9s sur les\u2026","rel":"","context":"Dans &quot;Non class\u00e9&quot;","img":{"alt_text":"","src":"","width":0,"height":0},"classes":[]}],"_links":{"self":[{"href":"https:\/\/www.montceautriathlon.com\/blog\/wp-json\/wp\/v2\/posts\/1960"}],"collection":[{"href":"https:\/\/www.montceautriathlon.com\/blog\/wp-json\/wp\/v2\/posts"}],"about":[{"href":"https:\/\/www.montceautriathlon.com\/blog\/wp-json\/wp\/v2\/types\/post"}],"author":[{"embeddable":true,"href":"https:\/\/www.montceautriathlon.com\/blog\/wp-json\/wp\/v2\/users\/1"}],"replies":[{"embeddable":true,"href":"https:\/\/www.montceautriathlon.com\/blog\/wp-json\/wp\/v2\/comments?post=1960"}],"version-history":[{"count":2,"href":"https:\/\/www.montceautriathlon.com\/blog\/wp-json\/wp\/v2\/posts\/1960\/revisions"}],"predecessor-version":[{"id":1962,"href":"https:\/\/www.montceautriathlon.com\/blog\/wp-json\/wp\/v2\/posts\/1960\/revisions\/1962"}],"wp:attachment":[{"href":"https:\/\/www.montceautriathlon.com\/blog\/wp-json\/wp\/v2\/media?parent=1960"}],"wp:term":[{"taxonomy":"category","embeddable":true,"href":"https:\/\/www.montceautriathlon.com\/blog\/wp-json\/wp\/v2\/categories?post=1960"},{"taxonomy":"post_tag","embeddable":true,"href":"https:\/\/www.montceautriathlon.com\/blog\/wp-json\/wp\/v2\/tags?post=1960"}],"curies":[{"name":"wp","href":"https:\/\/api.w.org\/{rel}","templated":true}]}}