{"id":1953,"date":"2018-05-15T16:36:57","date_gmt":"2018-05-15T15:36:57","guid":{"rendered":"http:\/\/montceautriathlon.com\/blog\/?p=1953"},"modified":"2018-05-15T16:36:57","modified_gmt":"2018-05-15T15:36:57","slug":"ironman-70-3-pays-daix-13-mai-2018","status":"publish","type":"post","link":"https:\/\/www.montceautriathlon.com\/blog\/2018\/05\/15\/ironman-70-3-pays-daix-13-mai-2018\/","title":{"rendered":"IRONMAN 70.3 Pays d&rsquo;Aix 13 mai 2018"},"content":{"rendered":"<p><img loading=\"lazy\" class=\"alignleft\" title=\"\" src=\"http:\/\/www.ironman.com\/%7E\/media\/e8aeeb3c873d4863805f5e49bcba0516\/ironman%2070%203%20paydaix%20neg.png\" alt=\"\" width=\"230\" height=\"120\" \/><\/p>\n<p>Juste un petit coucou \u00e0 nos cinq triathl\u00e8tes montcelliens qui ont pris part \u00e0 ce difficile et r\u00e9put\u00e9 half du Pays d&rsquo;Aix. Pas de chance avec une m\u00e9t\u00e9o ex\u00e9crable. Il ne manquait plus que la neige ! Des conditions dantesques de froid, de pluie et de vent ont g\u00e2ch\u00e9 la f\u00eate.<\/p>\n<p>M\u00eame si Sophie Boyer, Isabelle Vaury n&rsquo;ont pu aller jusqu&rsquo;au bout vaincues par les \u00e9l\u00e9ments, nous ne pouvons qu&rsquo;\u00eatre admiratifs de leur courage et de\u00a0 leur abn\u00e9gation !\u00a0\u00a0\u00a0\u00a0\u00a0\u00a0\u00a0\u00a0\u00a0\u00a0\u00a0\u00a0\u00a0\u00a0\u00a0\u00a0\u00a0\u00a0\u00a0\u00a0\u00a0\u00a0\u00a0\u00a0\u00a0\u00a0\u00a0\u00a0\u00a0\u00a0\u00a0\u00a0\u00a0\u00a0\u00a0\u00a0\u00a0\u00a0\u00a0\u00a0\u00a0\u00a0\u00a0\u00a0\u00a0\u00a0\u00a0\u00a0\u00a0\u00a0\u00a0\u00a0\u00a0\u00a0\u00a0\u00a0\u00a0\u00a0\u00a0\u00a0\u00a0\u00a0\u00a0\u00a0\u00a0\u00a0\u00a0\u00a0 Bravo aux trois finishers transis de froid:\u00a0 Laurent Xypolitas, Alice Vaury et Michel Cannet\u00a0 !<\/p>\n<p>Laurent admettait qu&rsquo;il n&rsquo;avait jamais couru de triathlon dans de telles conditions !<\/p>\n<ul>\n<li>Laurent en\u00a0 5h45&rsquo;13\u00a0\u00bb<\/li>\n<li>Michel en\u00a0\u00a0 6h17&rsquo;34\u00a0\u00bb<\/li>\n<li>Alice\u00a0\u00a0\u00a0 en\u00a0\u00a0\u00a0\u00a0 6h36&rsquo;04\u00a0\u00bb<\/li>\n<li>les r\u00e9sultats complets en suivant le lien et un petit article \u00e0 venir dans la future newsletter !<\/li>\n<li><a href=\"http:\/\/www.ironman.com\/fr-fr\/triathlon\/events\/emea\/ironman-70-3\/pays-d-aix\/r%C3%A9sultats.aspx#axzz5FaKNH23J\">http:\/\/www.ironman.com\/fr-fr\/triathlon\/events\/emea\/ironman-70-3\/pays-d-aix\/r%C3%A9sultats.aspx#axzz5FaKNH23J<\/a><\/li>\n<\/ul>\n","protected":false},"excerpt":{"rendered":"<p>Juste un petit coucou \u00e0 nos cinq triathl\u00e8tes montcelliens qui ont pris part \u00e0 ce difficile et r\u00e9put\u00e9 half du Pays d&rsquo;Aix. Pas de chance avec une m\u00e9t\u00e9o ex\u00e9crable. Il ne manquait plus que la neige ! Des conditions dantesques de froid, de pluie et de vent ont g\u00e2ch\u00e9 la f\u00eate. M\u00eame si Sophie Boyer, [&hellip;]<\/p>\n","protected":false},"author":5,"featured_media":0,"comment_status":"open","ping_status":"open","sticky":false,"template":"","format":"standard","meta":{"spay_email":"","jetpack_publicize_message":"","jetpack_is_tweetstorm":false},"categories":[1],"tags":[],"jetpack_featured_media_url":"","jetpack_publicize_connections":[],"jetpack_sharing_enabled":true,"jetpack_shortlink":"https:\/\/wp.me\/p8bwIy-vv","jetpack-related-posts":[{"id":2761,"url":"https:\/\/www.montceautriathlon.com\/blog\/2019\/04\/07\/6-04-19-la-morvandelle-une-belle-cyclo-en-guise-de-preparation\/","url_meta":{"origin":1953,"position":0},"title":"6\/04\/19, La Morvandelle : une belle cyclo en guise de pr\u00e9paration.","date":"7 avril 2019","format":false,"excerpt":"Ce samedi \u00e9tait jour de la traditionnelle cyclosportive, La Morvandelle. Une belle \u00e9preuve cycliste pour cyclos bien entra\u00een\u00e9s au coeur du Morvan avec passage au Mont Beuvray, au Mont Pr\u00e9nelay ou au Haut Folin, culminant tous autour des 800 \u00e0 900m d'altitude. Donc un bon exercice d'entra\u00eenement pour nos triathl\u00e8tes\u2026","rel":"","context":"Dans &quot;Non class\u00e9&quot;","img":{"alt_text":"","src":"https:\/\/i1.wp.com\/montceautriathlon.com\/blog\/wp-content\/uploads\/2019\/04\/la-morvandelle-300x200.jpg?resize=350%2C200","width":350,"height":200},"classes":[]},{"id":7768,"url":"https:\/\/www.montceautriathlon.com\/blog\/2025\/05\/31\/24-25-mai-les-triathletes-montcelliens-sur-tous-les-fronts-2-2\/","url_meta":{"origin":1953,"position":1},"title":"24\/25 mai: les triathl\u00e8tes montcelliens sur tous les fronts (2\/2)","date":"31 mai 2025","format":false,"excerpt":"Du cot\u00e9 de Rully, un trail en duo a eu lieu et 2 couples montcelliens ont franchi la ligne sous le soleil des vignes apr\u00e8s 9km d'effort. Simon Mazeron et Alice Benoit finissent 3e en 53'33. Alice Vaury et Thomas Okrzesik terminent 5e en 55'44. De nombreux licenci\u00e9s ont fait\u2026","rel":"","context":"Dans &quot;Non class\u00e9&quot;","img":{"alt_text":"","src":"https:\/\/i2.wp.com\/www.montceautriathlon.com\/blog\/wp-content\/uploads\/2025\/05\/bt.jpg?resize=350%2C200&ssl=1","width":350,"height":200},"classes":[]},{"id":6192,"url":"https:\/\/www.montceautriathlon.com\/blog\/2023\/09\/27\/triathlon-de-paladru\/","url_meta":{"origin":1953,"position":2},"title":"Triathlon de Paladru","date":"27 septembre 2023","format":false,"excerpt":"Une importante d\u00e9l\u00e9gation de Montceau Triathlon s'est retrouv\u00e9e \u00e0 Paladru (Is\u00e8re) pour le triathlon en \u00e9quipe. Les 32 triathl\u00e8tes, composant 7 \u00e9quipes, se sont engag\u00e9es sur un triathlon distance L. Avec une m\u00e9t\u00e9o favorable, tous et toutes ont aval\u00e9s les 1700m de natation, 80 km de v\u00e9lo et 17km de\u2026","rel":"","context":"Dans &quot;Non class\u00e9&quot;","img":{"alt_text":"","src":"https:\/\/i2.wp.com\/www.montceautriathlon.com\/blog\/wp-content\/uploads\/2023\/09\/IMG-20230923-WA00021-1.jpg?resize=350%2C200&ssl=1","width":350,"height":200},"classes":[]},{"id":2954,"url":"https:\/\/www.montceautriathlon.com\/blog\/2019\/06\/18\/16-juin-2019-triathlon-de-cublize-une-competition-exquise\/","url_meta":{"origin":1953,"position":3},"title":"16 juin 2019, triathlon de Cublize : une comp\u00e9tition exquise !","date":"18 juin 2019","format":false,"excerpt":"Le triathlon de Cublize ou triathlon du Lac des sapins a une nouvelle fois attir\u00e9 les foules dans ce magnifique site du Beaujolais vert : un beau lac \u00e0 l'eau toujours aussi fra\u00eeche, un parcours v\u00e9lo de 50km exigeant et splendide et une course \u00e0 pieds version trail dans les\u2026","rel":"","context":"Dans &quot;Non class\u00e9&quot;","img":{"alt_text":"","src":"https:\/\/i1.wp.com\/www.montceautriathlon.com\/blog\/wp-content\/uploads\/2019\/06\/Cublize.jpg?resize=350%2C200&ssl=1","width":350,"height":200},"classes":[]},{"id":5056,"url":"https:\/\/www.montceautriathlon.com\/blog\/2022\/05\/24\/22-et-23-mai-2022-aix-en-provence-saulxures-sur-moselotte-le-creusot-vitry-en-charolais-cruzilles-montceau-triathlon-sur-tous-les-fronts\/","url_meta":{"origin":1953,"position":4},"title":"22 et 23 mai 2022 : Aix en Provence, Saulxures sur Moselotte, Le Creusot, Vitry en Charolais, Cruzilles, Montceau Triathlon sur tous les fronts !","date":"24 mai 2022","format":false,"excerpt":"Engag\u00e9s sur tous les fronts, nos triathl\u00e8tes ont fait briller les couleurs du club en pensant fort \u00e0 Patrick. Nos cinq iron-men sont tous finishers ! les halfers tous finishers aussi. Mention particuli\u00e8re aux deux Laurent qui terminent presque main dans la main avec une remarquable performance en 10h40 d\u00e9crochant\u2026","rel":"","context":"Dans &quot;Non class\u00e9&quot;","img":{"alt_text":"","src":"https:\/\/i0.wp.com\/www.montceautriathlon.com\/blog\/wp-content\/uploads\/2022\/05\/IMG-20220523-WA0002.jpg?resize=350%2C200&ssl=1","width":350,"height":200},"classes":[]},{"id":8846,"url":"https:\/\/www.montceautriathlon.com\/blog\/2026\/04\/26\/18-19-avril-un-week-end-marque-pour-les-longues-distances\/","url_meta":{"origin":1953,"position":5},"title":"18\/19 avril: Un week end marqu\u00e9 pour les longues distances","date":"26 avril 2026","format":false,"excerpt":"A Annecy, nos f\u00e9minines \u00e9taient pr\u00e9sentes sous le soleil pour le semi marathon et le marathon. Manon Vaury termine le semi marathon en 1h49. Quatre mont-celliennes ont \u00e9galement pris le d\u00e9part du marathon. Charline Bonnardot termine le distance en 3h40, Alice Vaury en 3h52. Sophie Boyer et Sarah Emorine passent\u2026","rel":"","context":"Dans &quot;Non class\u00e9&quot;","img":{"alt_text":"","src":"https:\/\/i1.wp.com\/www.montceautriathlon.com\/blog\/wp-content\/uploads\/2026\/04\/671004543_18342486067301262_467638448117302669_n.jpg?resize=350%2C200&ssl=1","width":350,"height":200},"classes":[]}],"_links":{"self":[{"href":"https:\/\/www.montceautriathlon.com\/blog\/wp-json\/wp\/v2\/posts\/1953"}],"collection":[{"href":"https:\/\/www.montceautriathlon.com\/blog\/wp-json\/wp\/v2\/posts"}],"about":[{"href":"https:\/\/www.montceautriathlon.com\/blog\/wp-json\/wp\/v2\/types\/post"}],"author":[{"embeddable":true,"href":"https:\/\/www.montceautriathlon.com\/blog\/wp-json\/wp\/v2\/users\/5"}],"replies":[{"embeddable":true,"href":"https:\/\/www.montceautriathlon.com\/blog\/wp-json\/wp\/v2\/comments?post=1953"}],"version-history":[{"count":1,"href":"https:\/\/www.montceautriathlon.com\/blog\/wp-json\/wp\/v2\/posts\/1953\/revisions"}],"predecessor-version":[{"id":1954,"href":"https:\/\/www.montceautriathlon.com\/blog\/wp-json\/wp\/v2\/posts\/1953\/revisions\/1954"}],"wp:attachment":[{"href":"https:\/\/www.montceautriathlon.com\/blog\/wp-json\/wp\/v2\/media?parent=1953"}],"wp:term":[{"taxonomy":"category","embeddable":true,"href":"https:\/\/www.montceautriathlon.com\/blog\/wp-json\/wp\/v2\/categories?post=1953"},{"taxonomy":"post_tag","embeddable":true,"href":"https:\/\/www.montceautriathlon.com\/blog\/wp-json\/wp\/v2\/tags?post=1953"}],"curies":[{"name":"wp","href":"https:\/\/api.w.org\/{rel}","templated":true}]}}