{"id":1884,"date":"2018-04-23T13:55:31","date_gmt":"2018-04-23T12:55:31","guid":{"rendered":"http:\/\/montceautriathlon.com\/blog\/?p=1884"},"modified":"2018-04-23T13:55:31","modified_gmt":"2018-04-23T12:55:31","slug":"france-jeunes-de-duathlon-2018-bondoufle","status":"publish","type":"post","link":"https:\/\/www.montceautriathlon.com\/blog\/2018\/04\/23\/france-jeunes-de-duathlon-2018-bondoufle\/","title":{"rendered":"France Jeunes de Duathlon 2018 Bondoufle"},"content":{"rendered":"<p><a href=\"http:\/\/montceautriathlon.com\/blog\/wp-content\/uploads\/2018\/04\/Lulu.jpg\"><img data-attachment-id=\"1885\" data-permalink=\"https:\/\/www.montceautriathlon.com\/blog\/2018\/04\/23\/france-jeunes-de-duathlon-2018-bondoufle\/lulu\/\" data-orig-file=\"https:\/\/www.montceautriathlon.com\/blog\/wp-content\/uploads\/2018\/04\/Lulu.jpg\" data-orig-size=\"456,392\" data-comments-opened=\"1\" data-image-meta=\"{&quot;aperture&quot;:&quot;0&quot;,&quot;credit&quot;:&quot;&quot;,&quot;camera&quot;:&quot;&quot;,&quot;caption&quot;:&quot;&quot;,&quot;created_timestamp&quot;:&quot;0&quot;,&quot;copyright&quot;:&quot;&quot;,&quot;focal_length&quot;:&quot;0&quot;,&quot;iso&quot;:&quot;0&quot;,&quot;shutter_speed&quot;:&quot;0&quot;,&quot;title&quot;:&quot;&quot;,&quot;orientation&quot;:&quot;1&quot;}\" data-image-title=\"Lulu\" data-image-description=\"\" data-image-caption=\"\" data-medium-file=\"https:\/\/www.montceautriathlon.com\/blog\/wp-content\/uploads\/2018\/04\/Lulu-300x258.jpg\" data-large-file=\"https:\/\/www.montceautriathlon.com\/blog\/wp-content\/uploads\/2018\/04\/Lulu.jpg\" loading=\"lazy\" class=\"wp-image-1885 alignleft\" src=\"http:\/\/montceautriathlon.com\/blog\/wp-content\/uploads\/2018\/04\/Lulu-300x258.jpg\" alt=\"\" width=\"177\" height=\"152\" srcset=\"https:\/\/www.montceautriathlon.com\/blog\/wp-content\/uploads\/2018\/04\/Lulu-300x258.jpg 300w, https:\/\/www.montceautriathlon.com\/blog\/wp-content\/uploads\/2018\/04\/Lulu.jpg 456w\" sizes=\"(max-width: 177px) 100vw, 177px\" \/>L<\/a>e club \u00e9tait repr\u00e9sent\u00e9 par Ludivine Lequin ce 15 avril \u00e0 Bondoufle. Belle course de Lulu qui se classe 39\u00e8me en Juniors filles sur 93 class\u00e9es en 1h06&rsquo;53\u00a0\u00bb.<\/p>\n<p>Un r\u00e9cit plus complet en suivant le lien :<\/p>\n<p><a href=\"https:\/\/www.facebook.com\/montceautriathlon\/\">https:\/\/www.facebook.com\/montceautriathlon\/<\/a><\/p>\n","protected":false},"excerpt":{"rendered":"<p>Le club \u00e9tait repr\u00e9sent\u00e9 par Ludivine Lequin ce 15 avril \u00e0 Bondoufle. Belle course de Lulu qui se classe 39\u00e8me en Juniors filles sur 93 class\u00e9es en 1h06&rsquo;53\u00a0\u00bb. Un r\u00e9cit plus complet en suivant le lien : https:\/\/www.facebook.com\/montceautriathlon\/<\/p>\n","protected":false},"author":5,"featured_media":0,"comment_status":"open","ping_status":"open","sticky":false,"template":"","format":"standard","meta":{"spay_email":"","jetpack_publicize_message":"","jetpack_is_tweetstorm":false},"categories":[1],"tags":[],"jetpack_featured_media_url":"","jetpack_publicize_connections":[],"jetpack_sharing_enabled":true,"jetpack_shortlink":"https:\/\/wp.me\/p8bwIy-uo","jetpack-related-posts":[{"id":8107,"url":"https:\/\/www.montceautriathlon.com\/blog\/2025\/09\/14\/31-aout-triathlon-des-settons\/","url_meta":{"origin":1884,"position":0},"title":"31 aout: triathlon des Settons","date":"14 septembre 2025","format":false,"excerpt":"Quelques licenci\u00e9s se sont d\u00e9plac\u00e9s dans le Morvan pour faire les \u00e9preuves du lac des Settons. C 'est sous la pluie que Paul Fragnaud a pris le d\u00e9part de son premier triathlon sur la distance S. Il termine l'\u00e9preuve en 1h45 et se classe 121e sur 210 participants. Delphine Tonnin\u2026","rel":"","context":"Dans &quot;Non class\u00e9&quot;","img":{"alt_text":"","src":"https:\/\/i1.wp.com\/www.montceautriathlon.com\/blog\/wp-content\/uploads\/2025\/09\/IMG-20250831-WA0001.jpg?resize=350%2C200&ssl=1","width":350,"height":200},"classes":[]},{"id":8025,"url":"https:\/\/www.montceautriathlon.com\/blog\/2025\/08\/16\/triathlons-de-gray-et-de-lalpes-dhuez\/","url_meta":{"origin":1884,"position":1},"title":"Triathlons de Gray et de l&rsquo;Alpes d&rsquo;Huez,","date":"16 ao\u00fbt 2025","format":false,"excerpt":"Claude et David sont les seuls repr\u00e9sentants sur ces 2 triathlons. Samedi 26 juillet, Claude Monnet est all\u00e9 en Haute saone pour faire le triathlon S de gray. Il termine l'\u00e9preuve en 1h25'50 et se classe 52e hommes sur 95 partants. David Michel a affront\u00e9 le triathlon de l'Alpes d'Huez\u2026","rel":"","context":"Dans &quot;Non class\u00e9&quot;","img":{"alt_text":"","src":"https:\/\/i2.wp.com\/www.montceautriathlon.com\/blog\/wp-content\/uploads\/2025\/08\/alpes-dhuez-scaled.jpg?resize=350%2C200&ssl=1","width":350,"height":200},"classes":[]},{"id":7543,"url":"https:\/\/www.montceautriathlon.com\/blog\/2025\/05\/20\/triathlon-de-salou\/","url_meta":{"origin":1884,"position":2},"title":"Triathlon de Salou","date":"20 mai 2025","format":false,"excerpt":"Laurent de Sousa a fait le d\u00e9placment en Espagne pour participer le 11 mai au triathlon 70.3 de Salou. Laurent termine cette \u00e9preuve en 4:58, en \u00e9tant 204e sur 489 participants au total. Il se classe 14e sur 36 dans sa cat\u00e9gorie d'age.","rel":"","context":"Dans &quot;Non class\u00e9&quot;","img":{"alt_text":"","src":"https:\/\/i0.wp.com\/www.montceautriathlon.com\/blog\/wp-content\/uploads\/2025\/05\/jlhourcade_challenge_salou-81.jpg?resize=350%2C200&ssl=1","width":350,"height":200},"classes":[]},{"id":8216,"url":"https:\/\/www.montceautriathlon.com\/blog\/2025\/09\/28\/dimanche-28-septembre-les-triathletes-courent-en-saone-et-loire-et-en-cote-dor\/","url_meta":{"origin":1884,"position":3},"title":"Dimanche 28 septembre: les triathl\u00e8tes courent en Sa\u00f4ne et Loire et en Cote d&rsquo;Or","date":"28 septembre 2025","format":false,"excerpt":"Ce dimanche avait lieu le cross duathlon de Chen\u00f4ve. Seuls 2 jeunes ont fait le d\u00e9placement et ont pu courir sous le soleil. Jules Vendramini termine 34e au scratch de la course 10\/13 ans et se classe 9e pupille. Simon Devoille monte sur la 3e marche du podium sur la\u2026","rel":"","context":"Dans &quot;Non class\u00e9&quot;","img":{"alt_text":"","src":"https:\/\/i0.wp.com\/www.montceautriathlon.com\/blog\/wp-content\/uploads\/2025\/09\/7478946659318170698.jpg?resize=350%2C200&ssl=1","width":350,"height":200},"classes":[]},{"id":8403,"url":"https:\/\/www.montceautriathlon.com\/blog\/2025\/11\/01\/foulees-parodiennes-dimanche-26-octobre\/","url_meta":{"origin":1884,"position":4},"title":"Foul\u00e9es parodiennes: dimanche 26 octobre","date":"1 novembre 2025","format":false,"excerpt":"Ce dimanche avait lieu la premi\u00e8re \u00e9dition des foul\u00e9es parodiennes. Eric Vaudelin prend une tr\u00e8s belle 10e place au scratch, 2e de sa cat\u00e9gorie en 43'50. Th\u00e9o Michon,pour une des premi\u00e8rers courses sous nos couoleurs, se classe 31e de la course en 49'33, 4e s\u00e9nior.","rel":"","context":"Dans &quot;Non class\u00e9&quot;","img":{"alt_text":"","src":"https:\/\/i2.wp.com\/www.montceautriathlon.com\/blog\/wp-content\/uploads\/2025\/11\/571154057_1494159738291412_3982518525328535152_n-1.jpg?resize=350%2C200&ssl=1","width":350,"height":200},"classes":[]},{"id":7995,"url":"https:\/\/www.montceautriathlon.com\/blog\/2025\/07\/14\/12-et-13-juillet-2025-triathlon-du-lac-du-bouchet\/","url_meta":{"origin":1884,"position":5},"title":"12 et 13 juillet 2025: Triathlon du lac du Bouchet","date":"14 juillet 2025","format":false,"excerpt":"Une petite d\u00e9l\u00e9gation du club s'est retrouv\u00e9e en Auvergne, dans le d\u00e9partement de la Haute Loire pour participer aux triathlons du lac du Bouchet. Les triathl\u00e8tes montcelliens se sont align\u00e9s en individuel ou en \u00e9quipe sut les courses M et L. Voici les r\u00e9sultats: D\u00e8s le samedi matin, 7 d'entre\u2026","rel":"","context":"Dans &quot;Non class\u00e9&quot;","img":{"alt_text":"","src":"https:\/\/i0.wp.com\/www.montceautriathlon.com\/blog\/wp-content\/uploads\/2025\/07\/IMG-20250712-WA0000.jpg?resize=350%2C200&ssl=1","width":350,"height":200},"classes":[]}],"_links":{"self":[{"href":"https:\/\/www.montceautriathlon.com\/blog\/wp-json\/wp\/v2\/posts\/1884"}],"collection":[{"href":"https:\/\/www.montceautriathlon.com\/blog\/wp-json\/wp\/v2\/posts"}],"about":[{"href":"https:\/\/www.montceautriathlon.com\/blog\/wp-json\/wp\/v2\/types\/post"}],"author":[{"embeddable":true,"href":"https:\/\/www.montceautriathlon.com\/blog\/wp-json\/wp\/v2\/users\/5"}],"replies":[{"embeddable":true,"href":"https:\/\/www.montceautriathlon.com\/blog\/wp-json\/wp\/v2\/comments?post=1884"}],"version-history":[{"count":2,"href":"https:\/\/www.montceautriathlon.com\/blog\/wp-json\/wp\/v2\/posts\/1884\/revisions"}],"predecessor-version":[{"id":1898,"href":"https:\/\/www.montceautriathlon.com\/blog\/wp-json\/wp\/v2\/posts\/1884\/revisions\/1898"}],"wp:attachment":[{"href":"https:\/\/www.montceautriathlon.com\/blog\/wp-json\/wp\/v2\/media?parent=1884"}],"wp:term":[{"taxonomy":"category","embeddable":true,"href":"https:\/\/www.montceautriathlon.com\/blog\/wp-json\/wp\/v2\/categories?post=1884"},{"taxonomy":"post_tag","embeddable":true,"href":"https:\/\/www.montceautriathlon.com\/blog\/wp-json\/wp\/v2\/tags?post=1884"}],"curies":[{"name":"wp","href":"https:\/\/api.w.org\/{rel}","templated":true}]}}