{"id":1881,"date":"2018-04-12T18:42:37","date_gmt":"2018-04-12T17:42:37","guid":{"rendered":"http:\/\/montceautriathlon.com\/blog\/?p=1881"},"modified":"2018-04-12T18:42:37","modified_gmt":"2018-04-12T17:42:37","slug":"podiums-challenge-bikerun-2018","status":"publish","type":"post","link":"https:\/\/www.montceautriathlon.com\/blog\/2018\/04\/12\/podiums-challenge-bikerun-2018\/","title":{"rendered":"Podiums Challenge Bike&#038;Run 2018"},"content":{"rendered":"<p><a href=\"http:\/\/montceautriathlon.com\/blog\/wp-content\/uploads\/2018\/04\/podium.jpg\"><img data-attachment-id=\"1879\" data-permalink=\"https:\/\/www.montceautriathlon.com\/blog\/?attachment_id=1879\" data-orig-file=\"https:\/\/www.montceautriathlon.com\/blog\/wp-content\/uploads\/2018\/04\/podium.jpg\" data-orig-size=\"374,280\" data-comments-opened=\"1\" data-image-meta=\"{&quot;aperture&quot;:&quot;0&quot;,&quot;credit&quot;:&quot;&quot;,&quot;camera&quot;:&quot;&quot;,&quot;caption&quot;:&quot;&quot;,&quot;created_timestamp&quot;:&quot;0&quot;,&quot;copyright&quot;:&quot;&quot;,&quot;focal_length&quot;:&quot;0&quot;,&quot;iso&quot;:&quot;0&quot;,&quot;shutter_speed&quot;:&quot;0&quot;,&quot;title&quot;:&quot;&quot;,&quot;orientation&quot;:&quot;0&quot;}\" data-image-title=\"podium\" data-image-description=\"\" data-image-caption=\"\" data-medium-file=\"https:\/\/www.montceautriathlon.com\/blog\/wp-content\/uploads\/2018\/04\/podium-300x225.jpg\" data-large-file=\"https:\/\/www.montceautriathlon.com\/blog\/wp-content\/uploads\/2018\/04\/podium.jpg\" loading=\"lazy\" class=\"size-medium wp-image-1879 alignleft\" src=\"http:\/\/montceautriathlon.com\/blog\/wp-content\/uploads\/2018\/04\/podium-300x225.jpg\" alt=\"\" width=\"300\" height=\"225\" srcset=\"https:\/\/www.montceautriathlon.com\/blog\/wp-content\/uploads\/2018\/04\/podium-300x225.jpg 300w, https:\/\/www.montceautriathlon.com\/blog\/wp-content\/uploads\/2018\/04\/podium.jpg 374w\" sizes=\"(max-width: 300px) 100vw, 300px\" \/><\/a><\/p>\n<p>Des podiums pour le club !<\/p>\n<p>le d\u00e9tail :<\/p>\n<p>F\u00e9licitations \u00e0<span style=\"color: #008000;\"> <strong>Ludivine Lequin et Nicolas Galarati<\/strong><\/span> qui gagnent en cad\/jun mixtes. Si il y avait un g\u00e9n\u00e9ral toutes cat\u00e9gories, cette \u00e9quipe emporterait le Challenge !<\/p>\n<p>Puis, honneur aux v\u00e9t\u00e9ranes qui occupent tout le podium !<\/p>\n<p>Bravo \u00e0\u00a0 <strong><span style=\"color: #008000;\">H\u00e9l\u00e8ne Touillon et Sophie Rousseau<\/span> 1\u00e8res<\/strong>, \u00e0 <span style=\"color: #ff0000;\">Laure Rochaix et M-Pierre Berthie<\/span>r 2\u00e8mes et <span style=\"color: #ff0000;\">Fabienne Vaudelin et Martine Bonanardot 3<\/span>\u00e8mes ! Puis encore des f\u00e9minines avec la 3\u00e8me place de <span style=\"color: #ff0000;\">Marion Raclot et Aude Demorti\u00e8re<\/span>. . Beau parcours pour <span style=\"color: #ff0000;\">Pierre Perrin et Cyril Rochaix<\/span> 2\u00e8mes en VEH et\u00a0 J<span style=\"color: #ff0000;\">ean Da Eira et Vincent Touillon<\/span> 3\u00e8mes VEH. N&rsquo;oublions pas <span style=\"color: #ff0000;\">Denis et Maryl\u00e8ne Lequin<\/span> 2\u00e8mes en SE Mixte. M\u00e9daille en chocolat pour Jason Lecat et Camille Bongrand, il s&rsquo;en aura fallu de peu, les p\u00e9dales dures ayant un peu ramolli en fin de challenge ! Fred Ghesqui\u00e8re etJ-Charles Noseda n&rsquo;auront pas d\u00e9m\u00e9rit\u00e9 non plus. Et bravo \u00e0 toutes les autres \u00e9quipes du club qui auront particip\u00e9 \u00e0 ce challenge.<\/p>\n<p>Quant \u00e0 nos jeunes, ce n&rsquo;est pas mal du tout non plus <span style=\"color: #ff0000;\">Zo\u00e9 Da Eira et Lou Grivault<\/span>\u00a0 3\u00e8mes en JF1, <span style=\"color: #ff0000;\">Jeanne Rondier et Hugo Mentr\u00e9<\/span> 2\u00e8mes en J1 mixtes et <span style=\"color: #ff0000;\">El\u00e9a Berardan et Titouan Rondier<\/span> 3\u00e8mes J1 mixtes.<\/p>\n<p>Si il y avait un challenge des familles, s\u00fbrs que notre club le remporterait haut la main !<\/p>\n<p>L&rsquo;ensemble des pdiums en suivant le lien :<a href=\"http:\/\/www.onlinetri.com\/sites\/lbfctri\/documents\/Podiums_Bike_and_run_2018.pdf\">http:\/\/www.onlinetri.com\/sites\/lbfctri\/documents\/Podiums_Bike_and_run_2018.pdf<\/a><\/p>\n<p>L&rsquo;ensemble des r\u00e9sultats en suivant cet autre lien :<a href=\"http:\/\/www.onlinetri.com\/sites\/lbfctri\/documents\/Classement_du_Challenge_hivernal_BFC_Bike_and_run__2018_ETAPE_1.xls\">www.onlinetri.com\/sites\/lbfctri\/documents\/Classement_du_Challenge_hivernal_BFC_Bike_and_run__2018_ETAPE_1.xls<\/a><\/p>\n","protected":false},"excerpt":{"rendered":"<p>Des podiums pour le club ! le d\u00e9tail : F\u00e9licitations \u00e0 Ludivine Lequin et Nicolas Galarati qui gagnent en cad\/jun mixtes. Si il y avait un g\u00e9n\u00e9ral toutes cat\u00e9gories, cette \u00e9quipe emporterait le Challenge ! Puis, honneur aux v\u00e9t\u00e9ranes qui occupent tout le podium ! Bravo \u00e0\u00a0 H\u00e9l\u00e8ne Touillon et Sophie Rousseau 1\u00e8res, \u00e0 Laure [&hellip;]<\/p>\n","protected":false},"author":5,"featured_media":0,"comment_status":"open","ping_status":"open","sticky":false,"template":"","format":"standard","meta":{"spay_email":"","jetpack_publicize_message":"","jetpack_is_tweetstorm":false},"categories":[1],"tags":[],"jetpack_featured_media_url":"","jetpack_publicize_connections":[],"jetpack_sharing_enabled":true,"jetpack_shortlink":"https:\/\/wp.me\/p8bwIy-ul","jetpack-related-posts":[{"id":4720,"url":"https:\/\/www.montceautriathlon.com\/blog\/2021\/11\/21\/the-chatelaine-race-what-a-fog-my-lord\/","url_meta":{"origin":1881,"position":0},"title":"The Ch\u00e2telaine race : What a fog my Lord !","date":"21 novembre 2021","format":false,"excerpt":"Une vingtaine de jeunes du club ont particip\u00e9 dans le froid et le brouillard \u00e0 la premi\u00e8re \u00e9dition de la Ch\u00e2telaine race, le bike & run du Creusot d\u00e9localis\u00e9 \u00e0 Montcenis. Le parcours, assez difficile, relevant \u00e0 certains endroit du cyclo cross gras et collant n'a pas d\u00e9courag\u00e9 nos jeunes\u2026","rel":"","context":"Dans &quot;Non class\u00e9&quot;","img":{"alt_text":"","src":"https:\/\/i0.wp.com\/www.montceautriathlon.com\/blog\/wp-content\/uploads\/2021\/11\/IMG_20211120_172418.jpg?resize=350%2C200&ssl=1","width":350,"height":200},"classes":[]},{"id":4777,"url":"https:\/\/www.montceautriathlon.com\/blog\/2021\/11\/29\/bike-run-de-dole-encore-des-podiums-pour-les-jeunes\/","url_meta":{"origin":1881,"position":1},"title":"Bike &#038; run de Dole : encore des podiums pour les jeunes !","date":"29 novembre 2021","format":false,"excerpt":"L'\u00e9cole de triathlon s'est encore d\u00e9plac\u00e9e en nombre \u00e0 Dole ce week-end. Il est vrai que certains bin\u00f4mes encourag\u00e9s par leurs derniers r\u00e9sultats sont motiv\u00e9s pour bien figurer \u00e0 la fin du championnat. Alors peu importe les distances, peu importe le froid et la neige, il faut marquer des points\u2026","rel":"","context":"Dans &quot;Non class\u00e9&quot;","img":{"alt_text":"","src":"https:\/\/i2.wp.com\/www.montceautriathlon.com\/blog\/wp-content\/uploads\/2021\/11\/dole10.jpg?resize=350%2C200&ssl=1","width":350,"height":200},"classes":[]},{"id":1860,"url":"https:\/\/www.montceautriathlon.com\/blog\/2018\/04\/03\/bikerun-chenove-1er-avril-2018\/","url_meta":{"origin":1881,"position":2},"title":"Bike&#038;Run Chen\u00f4ve 1er avril 2018","date":"3 avril 2018","format":false,"excerpt":"Avant derni\u00e8re \u00e9tape du Challenge contrairement \u00e0 ce qu'annonce cette affiche, M\u00e2con ayant \u00e9t\u00e9 report\u00e9e au 8 avril prochain. Nos trois \u00e9quipes v\u00e9t\u00e9ranes qui jouent les podiums ont donc fait le d\u00e9placement pour engranger des points et bien entendu, toutes nos \u00e9quipes engag\u00e9es ont\u00a0 gagn\u00e9 dans leur cat\u00e9gorie, s'offrant m\u00eame\u2026","rel":"","context":"Dans &quot;Non class\u00e9&quot;","img":{"alt_text":"","src":"","width":0,"height":0},"classes":[]},{"id":3411,"url":"https:\/\/www.montceautriathlon.com\/blog\/2020\/01\/21\/19-01-2020-br-de-bourbon-nos-triranausores-toujours-aussi-gloutons\/","url_meta":{"origin":1881,"position":3},"title":"19\/01\/2020, B&#038;R de Bourbon : nos triranausores toujours aussi gloutons !","date":"21 janvier 2020","format":false,"excerpt":"Il faisait beau, l'air \u00e9tait frais et le trac\u00e9 pas trop compliqu\u00e9 malgr\u00e9 un passage herbeux plut\u00f4t boueux. Bref un temps\u00a0 et un parcours \"id\u00e9al\" pour cette discipline ! De quoi ouvrir l'app\u00e9tit de nos \u00e9quipes ! Qu'elles soient licornes, triranausores, tortues joyeuses ou bolides ! Silencieuses ou au carr\u00e9,\u2026","rel":"","context":"Dans &quot;Non class\u00e9&quot;","img":{"alt_text":"","src":"https:\/\/i2.wp.com\/www.montceautriathlon.com\/blog\/wp-content\/uploads\/2020\/01\/br-bourbon-1-1.jpg?resize=350%2C200&ssl=1","width":350,"height":200},"classes":[]},{"id":3329,"url":"https:\/\/www.montceautriathlon.com\/blog\/2019\/11\/07\/3-11-19-bike-run-chalon-et-cest-reparti-pour-cette-nouvelle-saison\/","url_meta":{"origin":1881,"position":4},"title":"3\/11\/19, Bike &#038; Run Chalon : Et c&rsquo;est reparti pour cette nouvelle saison !","date":"7 novembre 2019","format":false,"excerpt":"La saison de bike an run est lanc\u00e9e. La premi\u00e8re \u00e9tape avait lieu \u00e0 Chalon sous la pluie qui n'a pas d\u00e9courag\u00e9 la quinzaine d'\u00e9quipages montceliens. Les plus jeunes ont bien tir\u00e9 leur \u00e9pingle du jeu avec deux victoires au scratch. Titouan et El\u00e9a en J1 et Marine et Marius\u2026","rel":"","context":"Dans &quot;Non class\u00e9&quot;","img":{"alt_text":"","src":"","width":0,"height":0},"classes":[]},{"id":3394,"url":"https:\/\/www.montceautriathlon.com\/blog\/2020\/01\/13\/12-01-2020-bike-run-chenove-2020-et-non-2000vain-ca-commence-bien\/","url_meta":{"origin":1881,"position":5},"title":"12\/01\/2020, Bike &#038; run Chen\u00f4ve : 2020 et non 2000vain! \u00e7a commence bien !!","date":"13 janvier 2020","format":false,"excerpt":"Neuf \u00e9quipes du club ont fait le d\u00e9placement ce dimanche \u00e0 Chen\u00f4ve. Quatre adultes et cinq jeunes avec de bons r\u00e9sultats \u00e0 la clef. en J1, nos Triranausores(L\u00e9a et Titouan) ont toujours les crocs et\u00a0 continuent leur moisson de podiums en gagnant \u00e0 nouveau leur \u00e9preuve. Les Licornes(Axelle et Sarah)\u2026","rel":"","context":"Dans &quot;Non class\u00e9&quot;","img":{"alt_text":"","src":"","width":0,"height":0},"classes":[]}],"_links":{"self":[{"href":"https:\/\/www.montceautriathlon.com\/blog\/wp-json\/wp\/v2\/posts\/1881"}],"collection":[{"href":"https:\/\/www.montceautriathlon.com\/blog\/wp-json\/wp\/v2\/posts"}],"about":[{"href":"https:\/\/www.montceautriathlon.com\/blog\/wp-json\/wp\/v2\/types\/post"}],"author":[{"embeddable":true,"href":"https:\/\/www.montceautriathlon.com\/blog\/wp-json\/wp\/v2\/users\/5"}],"replies":[{"embeddable":true,"href":"https:\/\/www.montceautriathlon.com\/blog\/wp-json\/wp\/v2\/comments?post=1881"}],"version-history":[{"count":1,"href":"https:\/\/www.montceautriathlon.com\/blog\/wp-json\/wp\/v2\/posts\/1881\/revisions"}],"predecessor-version":[{"id":1882,"href":"https:\/\/www.montceautriathlon.com\/blog\/wp-json\/wp\/v2\/posts\/1881\/revisions\/1882"}],"wp:attachment":[{"href":"https:\/\/www.montceautriathlon.com\/blog\/wp-json\/wp\/v2\/media?parent=1881"}],"wp:term":[{"taxonomy":"category","embeddable":true,"href":"https:\/\/www.montceautriathlon.com\/blog\/wp-json\/wp\/v2\/categories?post=1881"},{"taxonomy":"post_tag","embeddable":true,"href":"https:\/\/www.montceautriathlon.com\/blog\/wp-json\/wp\/v2\/tags?post=1881"}],"curies":[{"name":"wp","href":"https:\/\/api.w.org\/{rel}","templated":true}]}}