{"id":1860,"date":"2018-04-03T09:02:12","date_gmt":"2018-04-03T08:02:12","guid":{"rendered":"http:\/\/montceautriathlon.com\/blog\/?p=1860"},"modified":"2018-04-03T09:02:12","modified_gmt":"2018-04-03T08:02:12","slug":"bikerun-chenove-1er-avril-2018","status":"publish","type":"post","link":"https:\/\/www.montceautriathlon.com\/blog\/2018\/04\/03\/bikerun-chenove-1er-avril-2018\/","title":{"rendered":"Bike&#038;Run Chen\u00f4ve 1er avril 2018"},"content":{"rendered":"<p><a href=\"http:\/\/montceautriathlon.com\/blog\/wp-content\/uploads\/2018\/04\/affiche.jpg\"><img data-attachment-id=\"1861\" data-permalink=\"https:\/\/www.montceautriathlon.com\/blog\/2018\/04\/03\/bikerun-chenove-1er-avril-2018\/affiche\/\" data-orig-file=\"https:\/\/www.montceautriathlon.com\/blog\/wp-content\/uploads\/2018\/04\/affiche.jpg\" data-orig-size=\"500,707\" data-comments-opened=\"1\" data-image-meta=\"{&quot;aperture&quot;:&quot;0&quot;,&quot;credit&quot;:&quot;&quot;,&quot;camera&quot;:&quot;&quot;,&quot;caption&quot;:&quot;&quot;,&quot;created_timestamp&quot;:&quot;0&quot;,&quot;copyright&quot;:&quot;&quot;,&quot;focal_length&quot;:&quot;0&quot;,&quot;iso&quot;:&quot;0&quot;,&quot;shutter_speed&quot;:&quot;0&quot;,&quot;title&quot;:&quot;&quot;,&quot;orientation&quot;:&quot;0&quot;}\" data-image-title=\"affiche\" data-image-description=\"\" data-image-caption=\"\" data-medium-file=\"https:\/\/www.montceautriathlon.com\/blog\/wp-content\/uploads\/2018\/04\/affiche-212x300.jpg\" data-large-file=\"https:\/\/www.montceautriathlon.com\/blog\/wp-content\/uploads\/2018\/04\/affiche.jpg\" loading=\"lazy\" class=\"wp-image-1861 alignleft\" src=\"http:\/\/montceautriathlon.com\/blog\/wp-content\/uploads\/2018\/04\/affiche-212x300.jpg\" alt=\"\" width=\"96\" height=\"136\" srcset=\"https:\/\/www.montceautriathlon.com\/blog\/wp-content\/uploads\/2018\/04\/affiche-212x300.jpg 212w, https:\/\/www.montceautriathlon.com\/blog\/wp-content\/uploads\/2018\/04\/affiche.jpg 500w\" sizes=\"(max-width: 96px) 100vw, 96px\" \/><\/a>Avant derni\u00e8re \u00e9tape du Challenge contrairement \u00e0 ce qu&rsquo;annonce cette affiche, M\u00e2con ayant \u00e9t\u00e9 report\u00e9e au 8 avril prochain. Nos trois \u00e9quipes v\u00e9t\u00e9ranes qui jouent les podiums ont donc fait le d\u00e9placement pour engranger des points et bien entendu, toutes nos \u00e9quipes engag\u00e9es ont\u00a0 gagn\u00e9 dans leur cat\u00e9gorie,<a href=\"http:\/\/montceautriathlon.com\/blog\/wp-content\/uploads\/2018\/04\/Sophie.jpg\"><img data-attachment-id=\"1862\" data-permalink=\"https:\/\/www.montceautriathlon.com\/blog\/2018\/04\/03\/bikerun-chenove-1er-avril-2018\/sophie\/\" data-orig-file=\"https:\/\/www.montceautriathlon.com\/blog\/wp-content\/uploads\/2018\/04\/Sophie.jpg\" data-orig-size=\"940,620\" data-comments-opened=\"1\" data-image-meta=\"{&quot;aperture&quot;:&quot;0&quot;,&quot;credit&quot;:&quot;&quot;,&quot;camera&quot;:&quot;&quot;,&quot;caption&quot;:&quot;&quot;,&quot;created_timestamp&quot;:&quot;0&quot;,&quot;copyright&quot;:&quot;&quot;,&quot;focal_length&quot;:&quot;0&quot;,&quot;iso&quot;:&quot;0&quot;,&quot;shutter_speed&quot;:&quot;0&quot;,&quot;title&quot;:&quot;&quot;,&quot;orientation&quot;:&quot;0&quot;}\" data-image-title=\"Sophie\" data-image-description=\"\" data-image-caption=\"\" data-medium-file=\"https:\/\/www.montceautriathlon.com\/blog\/wp-content\/uploads\/2018\/04\/Sophie-300x198.jpg\" data-large-file=\"https:\/\/www.montceautriathlon.com\/blog\/wp-content\/uploads\/2018\/04\/Sophie.jpg\" loading=\"lazy\" class=\"wp-image-1862 alignright\" src=\"http:\/\/montceautriathlon.com\/blog\/wp-content\/uploads\/2018\/04\/Sophie-300x198.jpg\" alt=\"\" width=\"196\" height=\"129\" srcset=\"https:\/\/www.montceautriathlon.com\/blog\/wp-content\/uploads\/2018\/04\/Sophie-300x198.jpg 300w, https:\/\/www.montceautriathlon.com\/blog\/wp-content\/uploads\/2018\/04\/Sophie-768x507.jpg 768w, https:\/\/www.montceautriathlon.com\/blog\/wp-content\/uploads\/2018\/04\/Sophie.jpg 940w\" sizes=\"(max-width: 196px) 100vw, 196px\" \/><\/a> s&rsquo;offrant m\u00eame le luxe( \u00e0 l&rsquo;aise comme des poissons dans l&rsquo;eau ) de prendre les quatre premi\u00e8res places du scratch en ce 1er avril.\u00a0 Une mention particuli\u00e8re toutefois\u00a0 \u00e0 Sophie et H\u00e9l\u00e8ne, nos touristes montceliennes . Cinq \u00e9quipes jeunes \u00e9taient aussi engag\u00e9es et vous aurez compris que toutes, elles aussi, auront trust\u00e9 les premi\u00e8res places. <em><strong>Des r\u00e9sultats plus conformes ci-dessous :<\/strong><\/em><\/p>\n<p><strong><span style=\"color: #ff0000;\">Course J1, 2km, 19 \u00e9quipes class\u00e9es<\/span><\/strong><\/p>\n<ul>\n<li>Jeanne Rondier et L\u00e9on Gressard (NL) 5\u00e8me scratch\u00a0\u00a0\u00a0<strong> 2\u00e8me mixte<\/strong><\/li>\n<li>Titouan Rondier et Zelie Gressard(NL) 13\u00e8me scratch\u00a0\u00a0 4\u00e8me mixte<\/li>\n<li>Axelle Da Eira et Julie Demorti\u00e8re\u00a0\u00a0\u00a0\u00a0\u00a0\u00a0\u00a0 17\u00e8me scratch\u00a0\u00a0\u00a0 <strong>2\u00e8me f\u00e9minine<\/strong><\/li>\n<\/ul>\n<p><strong><span style=\"color: #ff0000;\">Course J2, 4km, 21 \u00e9quipes class\u00e9es<\/span><\/strong><\/p>\n<ul>\n<li>Marie Demorti\u00e8re et Antoine Ballet\u00a0\u00a0 en 19&rsquo;05\u00a0\u00bb\u00a0 9\u00e8me scratch\u00a0\u00a0\u00a0 2\u00e8me mixte<\/li>\n<li>Marine Da Eira et agathe Berthier\u00a0\u00a0\u00a0 en\u00a0\u00a0 21&rsquo;47\u00a0\u00bb\u00a0 18\u00e8me scratch\u00a0 4\u00e8me f\u00e9minine<\/li>\n<\/ul>\n<p><strong><span style=\"color: #ff0000;\">Course XS, 13,5km, seulement 35 class\u00e9es.<\/span><\/strong><\/p>\n<ul>\n<li>Pierre Perrin et Cyril Rochaix\u00a0\u00a0\u00a0\u00a0\u00a0\u00a0\u00a0 1h06&rsquo;46\u00a0\u00bb\u00a0\u00a0\u00a0\u00a0\u00a0\u00a0\u00a0\u00a0\u00a0\u00a0\u00a0\u00a0\u00a0 23\u00e8me scratch\u00a0\u00a0 4\u00e8me VEH<\/li>\n<li>Vincent Touillon et Jean Da Eira\u00a0\u00a0\u00a0 1h10&rsquo;33\u00a0\u00bb\u00a0\u00a0\u00a0\u00a0\u00a0\u00a0\u00a0\u00a0\u00a0\u00a0\u00a0\u00a0\u00a0 25\u00e8me scratch\u00a0\u00a0 5\u00e8me VEH<\/li>\n<li>Sophie Rousseau et H\u00e9l\u00e8ne Touillon 1h11&rsquo;12\u00a0\u00bb\u00a0\u00a0\u00a0\u00a0\u00a0\u00a0\u00a0\u00a0\u00a0\u00a0\u00a0 27\u00e8me scratch\u00a0\u00a0\u00a0<strong> 1\u00e8re VEF<\/strong><\/li>\n<li>Aude Demorti\u00e8re et Val\u00e9rie Vuillemot (NL au club) 28\u00e8me scratch\u00a0\u00a0\u00a0\u00a0 <strong>2\u00e8me VEF<\/strong><\/li>\n<\/ul>\n<p>les r\u00e9sultats complets en suivant le lien : <a href=\"http:\/\/www.chenove-triathlon.com\/bike-and-run\/edition-2018\/resultats-2018.html\">http:\/\/www.chenove-triathlon.com\/bike-and-run\/edition-2018\/resultats-2018.html<\/a><\/p>\n<p>&nbsp;<\/p>\n","protected":false},"excerpt":{"rendered":"<p>Avant derni\u00e8re \u00e9tape du Challenge contrairement \u00e0 ce qu&rsquo;annonce cette affiche, M\u00e2con ayant \u00e9t\u00e9 report\u00e9e au 8 avril prochain. Nos trois \u00e9quipes v\u00e9t\u00e9ranes qui jouent les podiums ont donc fait le d\u00e9placement pour engranger des points et bien entendu, toutes nos \u00e9quipes engag\u00e9es ont\u00a0 gagn\u00e9 dans leur cat\u00e9gorie, s&rsquo;offrant m\u00eame le luxe( \u00e0 l&rsquo;aise comme [&hellip;]<\/p>\n","protected":false},"author":5,"featured_media":0,"comment_status":"open","ping_status":"open","sticky":false,"template":"","format":"standard","meta":{"spay_email":"","jetpack_publicize_message":"","jetpack_is_tweetstorm":false},"categories":[1],"tags":[],"jetpack_featured_media_url":"","jetpack_publicize_connections":[],"jetpack_sharing_enabled":true,"jetpack_shortlink":"https:\/\/wp.me\/p8bwIy-u0","jetpack-related-posts":[{"id":3271,"url":"https:\/\/www.montceautriathlon.com\/blog\/2019\/10\/18\/coupe-de-france-a-montlucon-le-club-bien-represente\/","url_meta":{"origin":1860,"position":0},"title":"Coupe de France \u00e0 Montlu\u00e7on : le club bien repr\u00e9sent\u00e9","date":"18 octobre 2019","format":false,"excerpt":"La Coupe de France, on connait bien, grosse organisation et manifestation la plus importante de la f\u00e9d\u00e9ration qui marque la fin de la saison. La belle r\u00e9ussite de cette \u00e9preuve \u00e0 Montceau l'ann\u00e9e derni\u00e8re explique certainement le nombre d'\u00e9quipes engag\u00e9es sur le triathlon cette ann\u00e9e. Ce sont donc 5 \u00e9quipes\u2026","rel":"","context":"Dans &quot;Non class\u00e9&quot;","img":{"alt_text":"","src":"https:\/\/i2.wp.com\/montceautriathlon.com\/blog\/wp-content\/uploads\/2019\/10\/montlu\u00c3\u00a7on-1-300x231.jpg?resize=350%2C200","width":350,"height":200},"classes":[]},{"id":2908,"url":"https:\/\/www.montceautriathlon.com\/blog\/2019\/06\/10\/8-9-juin-2019-swimrun-vassiviere-point-besoin-de-civiere-pour-nos-fiers-triathletes\/","url_meta":{"origin":1860,"position":1},"title":"8\/9 juin 2019, swimrun Vassivi\u00e8re : point besoin de civi\u00e8re pour nos fiers triathl\u00e8tes !","date":"10 juin 2019","format":false,"excerpt":"(photo qui a sugg\u00e9r\u00e9 le titre souffl\u00e9 par Bertrand) Mais il est vrai que les secouristes ont eu du boulot pour r\u00e9chauffer de nombreux concurrents \u00e9puis\u00e9s et frigorifi\u00e9s ! Il faisait beau, \u00e7a sentait bon le sable chaud... Non pas vraiment pour nos quatre \u00e9quipes engag\u00e9es ! Une eau \u00e0\u2026","rel":"","context":"Dans &quot;Non class\u00e9&quot;","img":{"alt_text":"","src":"","width":0,"height":0},"classes":[]},{"id":8414,"url":"https:\/\/www.montceautriathlon.com\/blog\/2025\/11\/01\/meeting-du-comite-departemental-de-saone-et-loire\/","url_meta":{"origin":1860,"position":2},"title":"Meeting du Comit\u00e9 D\u00e9partemental de Sa\u00f4ne et Loire.","date":"1 novembre 2025","format":false,"excerpt":"Ce dimanche 26 octobre, le comit\u00e9 d\u00e9partemental de triathlon organisait son meeting au Creusot. Une d\u00e9l\u00e9gation montcellienne a fait le d\u00e9placement. Le principe est simple: une \u00e9quipe de 5 \u00e0 10 personnes, licenci\u00e9es ou non, jeunes ou moins jeunes. Le matin les \u00e9quipes ont fait un relais en course \u00e0\u2026","rel":"","context":"Dans &quot;Non class\u00e9&quot;","img":{"alt_text":"","src":"https:\/\/i1.wp.com\/www.montceautriathlon.com\/blog\/wp-content\/uploads\/2025\/11\/IMG_8902-scaled.jpeg?resize=350%2C200&ssl=1","width":350,"height":200},"classes":[]},{"id":2618,"url":"https:\/\/www.montceautriathlon.com\/blog\/2019\/02\/12\/10-02-19-bike-run-migennes-contre-vent-et-maree\/","url_meta":{"origin":1860,"position":3},"title":"10\/02\/19, Bike &#038; Run Migennes : contre vent et mar\u00e9e !","date":"12 f\u00e9vrier 2019","format":false,"excerpt":"Il fallait avoir du courage pour affronter les \u00e9l\u00e9ments ce dimanche \u00e0 Migennes. Mais il en fallait plus pour d\u00e9motiver nos Lionnes et nos Z\u00e9bulons ! Bravo les jeunes ! en J1 sur les huit \u00e9quipes engag\u00e9es sur la course, Zo\u00e9 da Eira et Lou Grivault terminent 2\u00e8me \u00e9quipe f\u00e9minine\u00a0\u2026","rel":"","context":"Dans &quot;Non class\u00e9&quot;","img":{"alt_text":"","src":"","width":0,"height":0},"classes":[]},{"id":5410,"url":"https:\/\/www.montceautriathlon.com\/blog\/2022\/10\/27\/au-meeting-du-comite-departemental-de-triathlon-au-creusot-trois-equipes-du-club-ont-participe-championnat-departemental-de-triathlon-aristide-jeanne-et-titouan-champions-de-saone-et-loire\/","url_meta":{"origin":1860,"position":4},"title":"Au meeting du Comit\u00e9 D\u00e9partemental de Triathlon au Creusot : Trois \u00e9quipes du club ont particip\u00e9. Championnat D\u00e9partemental de Triathlon :   Aristide, Jeanne et Titouan  champions de Sa\u00f4ne et Loire !","date":"27 octobre 2022","format":false,"excerpt":"Ce dimanche 23 octobre, c'\u00e9tait la deuxi\u00e8me \u00e9dition de ce meeting apr\u00e8s Montceau l'an pass\u00e9. Le club du Creusot en charge de cette rencontre a parfaitement r\u00e9ussi cette journ\u00e9e conviviale,interg\u00e9n\u00e9rationnelle, dans la bonne humeur avec la participation de l'ensemble des clubs du d\u00e9partement. Les 27 licenci\u00e9s montcelliens , jeunes, moins\u2026","rel":"","context":"Dans &quot;Non class\u00e9&quot;","img":{"alt_text":"","src":"https:\/\/i2.wp.com\/www.montceautriathlon.com\/blog\/wp-content\/uploads\/2022\/10\/IMG-20221027-WA0003.jpg?resize=350%2C200&ssl=1","width":350,"height":200},"classes":[]},{"id":5451,"url":"https:\/\/www.montceautriathlon.com\/blog\/2022\/11\/07\/1er-bike-run-aux-grands-parcs-une-belle-reussite\/","url_meta":{"origin":1860,"position":5},"title":"1er Bike &#038; Run aux grands parcs : une belle r\u00e9ussite.","date":"7 novembre 2022","format":false,"excerpt":"Ce dimanche 6 novembre, le club organisait pour le premi\u00e8re fois un bike and run aux Grands Parcs. 99 bin\u00f4mes sont venus s'affronter dans le cadre du challenge hivernal bike and run de la ligue BFC de triathlon. De nombreux clubs ont r\u00e9pondu pr\u00e9sents et en nombre pour certains avec\u2026","rel":"","context":"Dans &quot;Non class\u00e9&quot;","img":{"alt_text":"","src":"https:\/\/i1.wp.com\/www.montceautriathlon.com\/blog\/wp-content\/uploads\/2022\/11\/IMG_7502.jpg?resize=350%2C200&ssl=1","width":350,"height":200},"classes":[]}],"_links":{"self":[{"href":"https:\/\/www.montceautriathlon.com\/blog\/wp-json\/wp\/v2\/posts\/1860"}],"collection":[{"href":"https:\/\/www.montceautriathlon.com\/blog\/wp-json\/wp\/v2\/posts"}],"about":[{"href":"https:\/\/www.montceautriathlon.com\/blog\/wp-json\/wp\/v2\/types\/post"}],"author":[{"embeddable":true,"href":"https:\/\/www.montceautriathlon.com\/blog\/wp-json\/wp\/v2\/users\/5"}],"replies":[{"embeddable":true,"href":"https:\/\/www.montceautriathlon.com\/blog\/wp-json\/wp\/v2\/comments?post=1860"}],"version-history":[{"count":1,"href":"https:\/\/www.montceautriathlon.com\/blog\/wp-json\/wp\/v2\/posts\/1860\/revisions"}],"predecessor-version":[{"id":1863,"href":"https:\/\/www.montceautriathlon.com\/blog\/wp-json\/wp\/v2\/posts\/1860\/revisions\/1863"}],"wp:attachment":[{"href":"https:\/\/www.montceautriathlon.com\/blog\/wp-json\/wp\/v2\/media?parent=1860"}],"wp:term":[{"taxonomy":"category","embeddable":true,"href":"https:\/\/www.montceautriathlon.com\/blog\/wp-json\/wp\/v2\/categories?post=1860"},{"taxonomy":"post_tag","embeddable":true,"href":"https:\/\/www.montceautriathlon.com\/blog\/wp-json\/wp\/v2\/tags?post=1860"}],"curies":[{"name":"wp","href":"https:\/\/api.w.org\/{rel}","templated":true}]}}