{"id":1840,"date":"2018-03-26T09:37:29","date_gmt":"2018-03-26T08:37:29","guid":{"rendered":"http:\/\/montceautriathlon.com\/blog\/?p=1840"},"modified":"2018-03-27T09:00:08","modified_gmt":"2018-03-27T08:00:08","slug":"bike-run-de-vauzelles-25-03-2018","status":"publish","type":"post","link":"https:\/\/www.montceautriathlon.com\/blog\/2018\/03\/26\/bike-run-de-vauzelles-25-03-2018\/","title":{"rendered":"Bike &#038; Run de Vauzelles 25\/03\/2018"},"content":{"rendered":"<p><a href=\"http:\/\/montceautriathlon.com\/blog\/wp-content\/uploads\/2018\/03\/varenne-vauzelle.jpg\"><img data-attachment-id=\"1841\" data-permalink=\"https:\/\/www.montceautriathlon.com\/blog\/2018\/03\/26\/bike-run-de-vauzelles-25-03-2018\/varenne-vauzelle\/\" data-orig-file=\"https:\/\/www.montceautriathlon.com\/blog\/wp-content\/uploads\/2018\/03\/varenne-vauzelle.jpg\" data-orig-size=\"682,960\" data-comments-opened=\"1\" data-image-meta=\"{&quot;aperture&quot;:&quot;0&quot;,&quot;credit&quot;:&quot;&quot;,&quot;camera&quot;:&quot;&quot;,&quot;caption&quot;:&quot;&quot;,&quot;created_timestamp&quot;:&quot;0&quot;,&quot;copyright&quot;:&quot;&quot;,&quot;focal_length&quot;:&quot;0&quot;,&quot;iso&quot;:&quot;0&quot;,&quot;shutter_speed&quot;:&quot;0&quot;,&quot;title&quot;:&quot;&quot;,&quot;orientation&quot;:&quot;0&quot;}\" data-image-title=\"varenne vauzelle\" data-image-description=\"\" data-image-caption=\"\" data-medium-file=\"https:\/\/www.montceautriathlon.com\/blog\/wp-content\/uploads\/2018\/03\/varenne-vauzelle-213x300.jpg\" data-large-file=\"https:\/\/www.montceautriathlon.com\/blog\/wp-content\/uploads\/2018\/03\/varenne-vauzelle.jpg\" loading=\"lazy\" class=\"wp-image-1841 alignleft\" src=\"http:\/\/montceautriathlon.com\/blog\/wp-content\/uploads\/2018\/03\/varenne-vauzelle-213x300.jpg\" alt=\"\" width=\"98\" height=\"138\" srcset=\"https:\/\/www.montceautriathlon.com\/blog\/wp-content\/uploads\/2018\/03\/varenne-vauzelle-213x300.jpg 213w, https:\/\/www.montceautriathlon.com\/blog\/wp-content\/uploads\/2018\/03\/varenne-vauzelle.jpg 682w\" sizes=\"(max-width: 98px) 100vw, 98px\" \/><\/a><\/p>\n<p>D\u00e9placement pr\u00e8s de Nevers ce dimanche 25 mars pour trois duos du club qui affichent leurs pr\u00e9tentions dans les diff\u00e9rents classements propos\u00e9s. 75 \u00e9quipes class\u00e9es sur un parcours de 13km. Les Touristes Montceliennes auront ram\u00e9 dur en ce jour des rameaux pour finir \u00e0 la premi\u00e8re place des v\u00e9t\u00e9ranes. Elles \u00e9taient accompagn\u00e9es des Cracheurs de Feu et de Brune ou Blonde qui n&rsquo;ont pas moins m\u00e9rit\u00e9 avec leurs 7\u00e8me et 8\u00e8me places respectives en v\u00e9t\u00e9rans. Ils ont donc encore bien repr\u00e9sent\u00e9 les couleurs du club sur cette 12\u00e8me manche du challenge (encore hivernal) de bike &amp; run. F\u00e9licitations \u00e0 eux ! Pas d&rsquo;\u00e9quipes jeunes engag\u00e9es en J1 et J2 sur cette manche.<\/p>\n<p><a href=\"http:\/\/montceautriathlon.com\/blog\/wp-content\/uploads\/2018\/03\/VV.jpg\"><img data-attachment-id=\"1856\" data-permalink=\"https:\/\/www.montceautriathlon.com\/blog\/2018\/03\/26\/bike-run-de-vauzelles-25-03-2018\/vv\/\" data-orig-file=\"https:\/\/www.montceautriathlon.com\/blog\/wp-content\/uploads\/2018\/03\/VV.jpg\" data-orig-size=\"960,540\" data-comments-opened=\"1\" data-image-meta=\"{&quot;aperture&quot;:&quot;0&quot;,&quot;credit&quot;:&quot;&quot;,&quot;camera&quot;:&quot;&quot;,&quot;caption&quot;:&quot;&quot;,&quot;created_timestamp&quot;:&quot;0&quot;,&quot;copyright&quot;:&quot;&quot;,&quot;focal_length&quot;:&quot;0&quot;,&quot;iso&quot;:&quot;0&quot;,&quot;shutter_speed&quot;:&quot;0&quot;,&quot;title&quot;:&quot;&quot;,&quot;orientation&quot;:&quot;0&quot;}\" data-image-title=\"VV\" data-image-description=\"\" data-image-caption=\"\" data-medium-file=\"https:\/\/www.montceautriathlon.com\/blog\/wp-content\/uploads\/2018\/03\/VV-300x169.jpg\" data-large-file=\"https:\/\/www.montceautriathlon.com\/blog\/wp-content\/uploads\/2018\/03\/VV.jpg\" loading=\"lazy\" class=\" wp-image-1856 aligncenter\" src=\"http:\/\/montceautriathlon.com\/blog\/wp-content\/uploads\/2018\/03\/VV-300x169.jpg\" alt=\"\" width=\"263\" height=\"148\" srcset=\"https:\/\/www.montceautriathlon.com\/blog\/wp-content\/uploads\/2018\/03\/VV-300x169.jpg 300w, https:\/\/www.montceautriathlon.com\/blog\/wp-content\/uploads\/2018\/03\/VV-768x432.jpg 768w, https:\/\/www.montceautriathlon.com\/blog\/wp-content\/uploads\/2018\/03\/VV.jpg 960w\" sizes=\"(max-width: 263px) 100vw, 263px\" \/><\/a>Les r\u00e9sultats ci-dessous :<\/p>\n<ul>\n<li>Pierre Perrin\/Cyril Rochaix\u00a0\u00a0\u00a0\u00a0 45\u00e8me scratch\u00a0\u00a0\u00a0\u00a0 7\u00e8me VEH\u00a0\u00a0\u00a0 58&rsquo;05\u00a0\u00bb<\/li>\n<li>Jean Da Eira\/ Vincent Touillon 51\u00e8me scratch\u00a0\u00a0\u00a0 8\u00e8me VEH\u00a0\u00a0\u00a0 59&rsquo;14\u00a0\u00bb<\/li>\n<li>Sophie Rousseau\/H\u00e9l\u00e8ne Touillon 61\u00e8me scratch <strong>1\u00e8re VEF<\/strong>\u00a0\u00a0\u00a0\u00a0 1h04&rsquo;16\u00a0\u00bb<\/li>\n<\/ul>\n<p>Les r\u00e9sultats complets :\u00a0 <a href=\"http:\/\/www.asavtriathlon.fr\/bikeandrun\/images\/XS_Varennes_Vauzelles_2018.pdf\">http:\/\/www.asavtriathlon.fr\/bikeandrun\/images\/XS_Varennes_Vauzelles_2018.pdf<\/a><\/p>\n","protected":false},"excerpt":{"rendered":"<p>D\u00e9placement pr\u00e8s de Nevers ce dimanche 25 mars pour trois duos du club qui affichent leurs pr\u00e9tentions dans les diff\u00e9rents classements propos\u00e9s. 75 \u00e9quipes class\u00e9es sur un parcours de 13km. Les Touristes Montceliennes auront ram\u00e9 dur en ce jour des rameaux pour finir \u00e0 la premi\u00e8re place des v\u00e9t\u00e9ranes. Elles \u00e9taient accompagn\u00e9es des Cracheurs de [&hellip;]<\/p>\n","protected":false},"author":5,"featured_media":0,"comment_status":"open","ping_status":"open","sticky":false,"template":"","format":"standard","meta":{"spay_email":"","jetpack_publicize_message":"","jetpack_is_tweetstorm":false},"categories":[1],"tags":[],"jetpack_featured_media_url":"","jetpack_publicize_connections":[],"jetpack_sharing_enabled":true,"jetpack_shortlink":"https:\/\/wp.me\/p8bwIy-tG","jetpack-related-posts":[{"id":5451,"url":"https:\/\/www.montceautriathlon.com\/blog\/2022\/11\/07\/1er-bike-run-aux-grands-parcs-une-belle-reussite\/","url_meta":{"origin":1840,"position":0},"title":"1er Bike &#038; Run aux grands parcs : une belle r\u00e9ussite.","date":"7 novembre 2022","format":false,"excerpt":"Ce dimanche 6 novembre, le club organisait pour le premi\u00e8re fois un bike and run aux Grands Parcs. 99 bin\u00f4mes sont venus s'affronter dans le cadre du challenge hivernal bike and run de la ligue BFC de triathlon. De nombreux clubs ont r\u00e9pondu pr\u00e9sents et en nombre pour certains avec\u2026","rel":"","context":"Dans &quot;Non class\u00e9&quot;","img":{"alt_text":"","src":"https:\/\/i1.wp.com\/www.montceautriathlon.com\/blog\/wp-content\/uploads\/2022\/11\/IMG_7502.jpg?resize=350%2C200&ssl=1","width":350,"height":200},"classes":[]},{"id":4777,"url":"https:\/\/www.montceautriathlon.com\/blog\/2021\/11\/29\/bike-run-de-dole-encore-des-podiums-pour-les-jeunes\/","url_meta":{"origin":1840,"position":1},"title":"Bike &#038; run de Dole : encore des podiums pour les jeunes !","date":"29 novembre 2021","format":false,"excerpt":"L'\u00e9cole de triathlon s'est encore d\u00e9plac\u00e9e en nombre \u00e0 Dole ce week-end. Il est vrai que certains bin\u00f4mes encourag\u00e9s par leurs derniers r\u00e9sultats sont motiv\u00e9s pour bien figurer \u00e0 la fin du championnat. Alors peu importe les distances, peu importe le froid et la neige, il faut marquer des points\u2026","rel":"","context":"Dans &quot;Non class\u00e9&quot;","img":{"alt_text":"","src":"https:\/\/i2.wp.com\/www.montceautriathlon.com\/blog\/wp-content\/uploads\/2021\/11\/dole10.jpg?resize=350%2C200&ssl=1","width":350,"height":200},"classes":[]},{"id":5123,"url":"https:\/\/www.montceautriathlon.com\/blog\/2022\/06\/15\/journee-famille-une-premiere-reussie\/","url_meta":{"origin":1840,"position":2},"title":"Journ\u00e9e famille : une premi\u00e8re r\u00e9ussie !","date":"15 juin 2022","format":false,"excerpt":"Ce dimanche 12 juin, le club a organis\u00e9 une journ\u00e9e d\u00e9tente pour l'\u00e9cole de triathlon en conviant les jeunes et leurs parents \u00e0 partager ensemble et avec les \u00e9ducateurs du club un bon moment de convivialit\u00e9. C'est donc sous un beau soleil qu'une trentaine de jeunes du club ont ralli\u00e9\u2026","rel":"","context":"Dans &quot;Non class\u00e9&quot;","img":{"alt_text":"","src":"https:\/\/i1.wp.com\/www.montceautriathlon.com\/blog\/wp-content\/uploads\/2022\/06\/IMG_20220612_144011-scaled.jpg?resize=350%2C200&ssl=1","width":350,"height":200},"classes":[]},{"id":4654,"url":"https:\/\/www.montceautriathlon.com\/blog\/2021\/10\/25\/meeting-du-comite-departemental-une-idee-vraiment-sympa\/","url_meta":{"origin":1840,"position":3},"title":"meeting du Comit\u00e9 D\u00e9partemental : une id\u00e9e vraiment sympa !","date":"25 octobre 2021","format":false,"excerpt":"Ce dimanche , sur la piste et \u00e0 la piscine, les clubs de triathlon du d\u00e9partement se sont rencontr\u00e9s sur un format de course original et tr\u00e8s convivial. Et c'est avec plaisir que le club de triathlon de Montceau a accueilli et organis\u00e9 avec le Comit\u00e9 cette \u00e9preuve pas comme\u2026","rel":"","context":"Dans &quot;Non class\u00e9&quot;","img":{"alt_text":"","src":"https:\/\/i1.wp.com\/www.montceautriathlon.com\/blog\/wp-content\/uploads\/2021\/10\/meet-7.jpg?resize=350%2C200&ssl=1","width":350,"height":200},"classes":[]},{"id":2319,"url":"https:\/\/www.montceautriathlon.com\/blog\/2018\/10\/08\/ni-bizuts-ni-zozos-au-cyclathlon-des-bizots-le-club-en-force-sur-cette-epreuve\/","url_meta":{"origin":1840,"position":4},"title":"Ni bizuts, ni zozos au cyclathlon des Bizots: le club en force sur cette \u00e9preuve !","date":"8 octobre 2018","format":false,"excerpt":"\u00a0\u00a0\u00a0\u00a0\u00a0\u00a0\u00a0\u00a0\u00a0\u00a0\u00a0\u00a0\u00a0\u00a0\u00a0\u00a0\u00a0\u00a0 De nombreux triathl\u00e8tes du club ont fait le court\u00a0d\u00e9placement aux Bizots pour ce (maintenant habituel) cyclathlon. Le soleil n'\u00e9tait plus au rendez-vous ce qui n'a pas emp\u00each\u00e9 de belles perfs tant en individuel qu'en relais des membres du club. Donc 9km \u00e0 pieds et 23 \u00e0 v\u00e9lo, encore une\u2026","rel":"","context":"Dans &quot;Non class\u00e9&quot;","img":{"alt_text":"","src":"https:\/\/i1.wp.com\/montceautriathlon.com\/blog\/wp-content\/uploads\/2018\/10\/les-bizots-1-300x253.jpg?resize=350%2C200","width":350,"height":200},"classes":[]},{"id":4300,"url":"https:\/\/www.montceautriathlon.com\/blog\/2021\/07\/05\/montceau-triathlon-sur-tous-les-fronts\/","url_meta":{"origin":1840,"position":5},"title":"Montceau Triathlon sur tous les fronts !","date":"5 juillet 2021","format":false,"excerpt":"Ce week-end du 4 juillet, les couleurs du club auront brill\u00e9 de Xonrupt, \u00e0 M\u00e2con en passant par Gu\u00e9ret et les Sable d'Olonne. Des jeunes, des relais, du half Iron man, de l'Xterra, du swimrun, du duathlon, du CLM par \u00e9quipe. Toute la diversit\u00e9 des disciplines encha\u00een\u00e9es port\u00e9e par nos\u2026","rel":"","context":"Dans &quot;Non class\u00e9&quot;","img":{"alt_text":"","src":"https:\/\/i2.wp.com\/www.montceautriathlon.com\/blog\/wp-content\/uploads\/2021\/07\/IMG-20210703-WA0010.jpg?resize=350%2C200&ssl=1","width":350,"height":200},"classes":[]}],"_links":{"self":[{"href":"https:\/\/www.montceautriathlon.com\/blog\/wp-json\/wp\/v2\/posts\/1840"}],"collection":[{"href":"https:\/\/www.montceautriathlon.com\/blog\/wp-json\/wp\/v2\/posts"}],"about":[{"href":"https:\/\/www.montceautriathlon.com\/blog\/wp-json\/wp\/v2\/types\/post"}],"author":[{"embeddable":true,"href":"https:\/\/www.montceautriathlon.com\/blog\/wp-json\/wp\/v2\/users\/5"}],"replies":[{"embeddable":true,"href":"https:\/\/www.montceautriathlon.com\/blog\/wp-json\/wp\/v2\/comments?post=1840"}],"version-history":[{"count":3,"href":"https:\/\/www.montceautriathlon.com\/blog\/wp-json\/wp\/v2\/posts\/1840\/revisions"}],"predecessor-version":[{"id":1858,"href":"https:\/\/www.montceautriathlon.com\/blog\/wp-json\/wp\/v2\/posts\/1840\/revisions\/1858"}],"wp:attachment":[{"href":"https:\/\/www.montceautriathlon.com\/blog\/wp-json\/wp\/v2\/media?parent=1840"}],"wp:term":[{"taxonomy":"category","embeddable":true,"href":"https:\/\/www.montceautriathlon.com\/blog\/wp-json\/wp\/v2\/categories?post=1840"},{"taxonomy":"post_tag","embeddable":true,"href":"https:\/\/www.montceautriathlon.com\/blog\/wp-json\/wp\/v2\/tags?post=1840"}],"curies":[{"name":"wp","href":"https:\/\/api.w.org\/{rel}","templated":true}]}}