{"id":1719,"date":"2017-12-18T10:55:47","date_gmt":"2017-12-18T09:55:47","guid":{"rendered":"http:\/\/montceautriathlon.com\/blog\/?p=1719"},"modified":"2017-12-18T10:59:31","modified_gmt":"2017-12-18T09:59:31","slug":"resultats-bike-run-dijon-17-decembre-2017","status":"publish","type":"post","link":"https:\/\/www.montceautriathlon.com\/blog\/2017\/12\/18\/resultats-bike-run-dijon-17-decembre-2017\/","title":{"rendered":"RESULTATS BIKE &#038;RUN DIJON  17 d\u00e9cembre 2017"},"content":{"rendered":"<p style=\"text-align: left;\"><a href=\"http:\/\/montceautriathlon.com\/blog\/wp-content\/uploads\/2017\/12\/Dijon.jpg\"><img data-attachment-id=\"1720\" data-permalink=\"https:\/\/www.montceautriathlon.com\/blog\/2017\/12\/18\/resultats-bike-run-dijon-17-decembre-2017\/dijon\/\" data-orig-file=\"https:\/\/www.montceautriathlon.com\/blog\/wp-content\/uploads\/2017\/12\/Dijon.jpg\" data-orig-size=\"106,150\" data-comments-opened=\"1\" data-image-meta=\"{&quot;aperture&quot;:&quot;0&quot;,&quot;credit&quot;:&quot;&quot;,&quot;camera&quot;:&quot;&quot;,&quot;caption&quot;:&quot;&quot;,&quot;created_timestamp&quot;:&quot;0&quot;,&quot;copyright&quot;:&quot;&quot;,&quot;focal_length&quot;:&quot;0&quot;,&quot;iso&quot;:&quot;0&quot;,&quot;shutter_speed&quot;:&quot;0&quot;,&quot;title&quot;:&quot;&quot;,&quot;orientation&quot;:&quot;0&quot;}\" data-image-title=\"Dijon\" data-image-description=\"\" data-image-caption=\"\" data-medium-file=\"https:\/\/www.montceautriathlon.com\/blog\/wp-content\/uploads\/2017\/12\/Dijon.jpg\" data-large-file=\"https:\/\/www.montceautriathlon.com\/blog\/wp-content\/uploads\/2017\/12\/Dijon.jpg\" loading=\"lazy\" class=\"alignnone size-full wp-image-1720\" src=\"http:\/\/montceautriathlon.com\/blog\/wp-content\/uploads\/2017\/12\/Dijon.jpg\" alt=\"\" width=\"106\" height=\"150\" \/><\/a><\/p>\n<p style=\"text-align: left;\">Rigueur hivernale ? V\u00e9los ou athl\u00e8tes gripp\u00e9s ? Moutarde chatouilleuse? Bref, seulement 3 \u00e9quipes du club sur cette \u00e9tape dijonnaise du circuit. Bravo aux pers\u00e9v\u00e9rants !<\/p>\n<p><span style=\"color: #ff0000;\"><strong>Jeunes 2\u00a0<\/strong>\u00a0\u00a0\u00a0 27 \u00e9quipes<\/span><\/p>\n<ul>\n<li>Da Eira Marine\/Berthier Agathe \u00a0\u00a0\u00a0\u00a0\u00a0\u00a0\u00a0\u00a0\u00a0\u00a0\u00a0 22\u00e8me scratch\u00a0\u00a0\u00a0\u00a0 21:38\u00a0\u00a0\u00a0\u00a0\u00a0 5\u00e8me F<\/li>\n<\/ul>\n<p><span style=\"color: #ff0000;\"><strong>\u00a0 XS<\/strong>\u00a0\u00a0 \u00a0 \u00a0 \u00a0 \u00a0 \u00a0\u00a0 62 \u00e9quipes<\/span><\/p>\n<ul>\n<li>Lequin Ludivine\/Gallarati Nicolas\u00a0\u00a0\u00a0\u00a0\u00a0\u00a0\u00a0\u00a0 28\u00e8me scratch\u00a0\u00a0\u00a0\u00a0\u00a0\u00a0\u00a0\u00a0 51:57\u00a0\u00a0\u00a0\u00a0\u00a0 2\u00e8me cad\/jun mixte<\/li>\n<li>Lequin Denis\/Gallarati Fred\u00e9ric\u00a0\u00a0\u00a0\u00a0\u00a0\u00a0\u00a0\u00a0\u00a0\u00a0\u00a0\u00a0 40\u00e8me scratch\u00a0\u00a0\u00a0\u00a0\u00a0\u00a0\u00a0\u00a0 55:35\u00a0\u00a0\u00a0\u00a0 6\u00e8me VH<\/li>\n<\/ul>\n<p>&nbsp;<\/p>\n","protected":false},"excerpt":{"rendered":"<p>Rigueur hivernale ? V\u00e9los ou athl\u00e8tes gripp\u00e9s ? Moutarde chatouilleuse? Bref, seulement 3 \u00e9quipes du club sur cette \u00e9tape dijonnaise du circuit. Bravo aux pers\u00e9v\u00e9rants ! Jeunes 2\u00a0\u00a0\u00a0\u00a0 27 \u00e9quipes Da Eira Marine\/Berthier Agathe \u00a0\u00a0\u00a0\u00a0\u00a0\u00a0\u00a0\u00a0\u00a0\u00a0\u00a0 22\u00e8me scratch\u00a0\u00a0\u00a0\u00a0 21:38\u00a0\u00a0\u00a0\u00a0\u00a0 5\u00e8me F \u00a0 XS\u00a0\u00a0 \u00a0 \u00a0 \u00a0 \u00a0 \u00a0\u00a0 62 \u00e9quipes Lequin Ludivine\/Gallarati Nicolas\u00a0\u00a0\u00a0\u00a0\u00a0\u00a0\u00a0\u00a0 28\u00e8me scratch\u00a0\u00a0\u00a0\u00a0\u00a0\u00a0\u00a0\u00a0 51:57\u00a0\u00a0\u00a0\u00a0\u00a0 [&hellip;]<\/p>\n","protected":false},"author":5,"featured_media":0,"comment_status":"open","ping_status":"open","sticky":false,"template":"","format":"standard","meta":{"spay_email":"","jetpack_publicize_message":"RESULTATS BIKE &RUN DIJON  17 d\u00e9cembre 2017","jetpack_is_tweetstorm":false},"categories":[1],"tags":[],"jetpack_featured_media_url":"","jetpack_publicize_connections":[],"jetpack_sharing_enabled":true,"jetpack_shortlink":"https:\/\/wp.me\/p8bwIy-rJ","jetpack-related-posts":[{"id":1712,"url":"https:\/\/www.montceautriathlon.com\/blog\/2017\/12\/14\/resultats-bikerun-de-gray-10-decembre-2017\/","url_meta":{"origin":1719,"position":0},"title":"RESULTATS BIKE&#038;RUN de GRAY 10 d\u00e9cembre 2017","date":"14 d\u00e9cembre 2017","format":false,"excerpt":"Jeunes 2\u00a0\u00a0\u00a0\u00a0\u00a0\u00a0\u00a0\u00a0\u00a0 13 participants DA EIRA MARINE BERTHIER AGATHE\u00a0\u00a0\u00a0\u00a0\u00a0\u00a0\u00a0\u00a0\u00a0\u00a0\u00a0\u00a0\u00a0\u00a0\u00a0\u00a0\u00a0 00:16:24\u00a0\u00a0\u00a0\u00a0\u00a0\u00a0\u00a0\u00a0\u00a0\u00a0 11\u00e8me scratch\u00a0\u00a0\u00a0\u00a0\u00a0\u00a0 4\u00e8meFemme \u00a0 XS \u00a0 \u00a0 \u00a0 \u00a0 \u00a0 \u00a0 \u00a0 \u00a0 \u00a0 \u00a0 \u00a0 \u00a0 \u00a0 \u00a0 \u00a0 \u00a0 \u00a0 50 participants \u00a0LEQUIN LUDIVINE GALLARATI NICOLAS\u00a0\u00a0\u00a0\u00a0\u00a0\u00a0\u00a0 01:00:10\u00a0\u00a0 13\u00e8me scratch\u00a0\u00a0\u00a0\u00a0\u00a0\u00a0\u00a0\u00a0\u00a0 2\u00e8me Mixte CA\/JU LEQUIN DENIS GALLARATI FREDERIC\u00a0\u00a0\u00a0\u00a0\u00a0\u00a0\u00a0\u00a0\u00a0\u00a0\u00a0\u00a0\u00a0\u00a0 01:02:14\u00a0\u00a0\u00a0\u00a0 17\u00e8me\u2026","rel":"","context":"Dans &quot;Non class\u00e9&quot;","img":{"alt_text":"","src":"","width":0,"height":0},"classes":[]},{"id":1737,"url":"https:\/\/www.montceautriathlon.com\/blog\/2018\/01\/16\/resultats-br-bourbon-14-janvier-2018\/","url_meta":{"origin":1719,"position":1},"title":"RESULTATS B&#038;R BOURBON 14 janvier 2018","date":"16 janvier 2018","format":false,"excerpt":"14 \u00e9quipes du club ont effectu\u00e9 le d\u00e9placement \u00e0 Bourbon , 14 \u00e9quipes sur 48 engag\u00e9es pour le XS ! Et 4 \u00e9quipes jeunes! Une belle participation ! Et sous le soleil ! Sans la boue !\u00a0 Les r\u00e9sultats complets en suivant le lien et les r\u00e9sultats du club ci-dessous\u2026","rel":"","context":"Dans &quot;Non class\u00e9&quot;","img":{"alt_text":"","src":"https:\/\/i0.wp.com\/montceautriathlon.com\/blog\/wp-content\/uploads\/2018\/01\/babeth-300x225.jpg?resize=350%2C200","width":350,"height":200},"classes":[]},{"id":2522,"url":"https:\/\/www.montceautriathlon.com\/blog\/2018\/11\/19\/18-11-18-a-laise-la-charolaise-tous-balaises\/","url_meta":{"origin":1719,"position":2},"title":"18\/11\/18 :  a l&rsquo;aise la Charolaise, tous balaises !","date":"19 novembre 2018","format":false,"excerpt":"r\u00e9sultats du semi: 123 class\u00e9s et un podium pour Aude 3\u00e8me f\u00e9minine ! Aude Demorti\u00e8re\u00a0\u00a0\u00a0 50\u00e8me scratch\u00a0 1h46'21 Bertrand de sars\u00a0\u00a0\u00a0\u00a0\u00a0\u00a0 53\u00e8me scratch 1h47'29 Charline Berthier \u00a0 \u00a0 \u00a0 65\u00e8me scratch 1h51'00 Kamel Boukhitine\u00a0\u00a0\u00a0\u00a0 87\u00e8me scratch 1h59'18 Laurence De Sars\u00a0\u00a0 102\u00e8me scratch\u00a0 2h05'08 M-Pierre Berthier\u00a0\u00a0\u00a0 106\u00e8me scratch\u00a0 2h06'58 Anne Lamborot\u00a0\u00a0\u00a0\u00a0\u00a0\u00a0\u00a0\u2026","rel":"","context":"Dans &quot;Non class\u00e9&quot;","img":{"alt_text":"","src":"https:\/\/i0.wp.com\/montceautriathlon.com\/blog\/wp-content\/uploads\/2018\/11\/podium-Aude-300x211.jpg?resize=350%2C200","width":350,"height":200},"classes":[]},{"id":2795,"url":"https:\/\/www.montceautriathlon.com\/blog\/2019\/05\/07\/5-mai-2019-triathlon-du-sennonais-longue-distance-pour-triathlon-courte-distance\/","url_meta":{"origin":1719,"position":3},"title":"5 mai 2019, Triathlon du sennonais : longue distance pour triathlon courte distance !","date":"7 mai 2019","format":false,"excerpt":"Situ\u00e9 maintenant en d\u00e9but de saison, le triathlon de sens n'a pas attir\u00e9, comme d'habitude, les triathl\u00e8tes du club ! Ce n'est pas la porte \u00e0 c\u00f4t\u00e9 et cinq \u00e0 six\u00a0 heures de routes(A\/R) pour souvent une heure de comp\u00e9tition s'av\u00e8re dissuasif surtout avec une m\u00e9t\u00e9o plus que fraiche !\u2026","rel":"","context":"Dans &quot;Non class\u00e9&quot;","img":{"alt_text":"","src":"","width":0,"height":0},"classes":[]},{"id":1683,"url":"https:\/\/www.montceautriathlon.com\/blog\/2017\/11\/27\/resultats-bikerun-dole\/","url_meta":{"origin":1719,"position":4},"title":"RESULTATS BIKE&#038;RUN DOLE","date":"27 novembre 2017","format":false,"excerpt":"Tous les r\u00e9sultats dans le fichier joint :\u00a0\u00a0\u00a0\u00a0\u00a0\u00a0\u00a0\u00a0\u00a0\u00a0\u00a0\u00a0\u00a0\u00a0 RESULTATS Bike and run _DOLE_ 2017 Premi\u00e8re manche du circuit plus d\u00e9licate avec de vraies difficult\u00e9s : boue, d\u00e9nivel\u00e9, et singles \u00e0 la queue leu leu ! Bravo les courageux ! r\u00e9sultats jeunes 1\u00a0\u00a0\u00a0\u00a0\u00a0\u00a0\u00a0\u00a0\u00a0 2\u00a0km\u00a0\u00a0\u00a0\u00a0\u00a0\u00a0\u00a0 25 participants Zo\u00e9 Da Eira\/Lou Grivaut\u00a0\u00a0\u00a0\u00a0\u00a0\u00a0\u00a0\u00a0\u00a0\u00a0\u00a0\u00a0\u00a0\u00a0 \u00a0\u2026","rel":"","context":"Dans &quot;Non class\u00e9&quot;","img":{"alt_text":"","src":"","width":0,"height":0},"classes":[]},{"id":2278,"url":"https:\/\/www.montceautriathlon.com\/blog\/2018\/09\/25\/clm-de-nanton-une-bonne-preparation-pour-les-filles-du-duathlon\/","url_meta":{"origin":1719,"position":5},"title":"CLM de NANTON : une bonne pr\u00e9paration pour les filles du duathlon !","date":"25 septembre 2018","format":false,"excerpt":"Dimanche 23 septembre 2018, l\u2019Union V\u00e9locip\u00e9dique Chalonnaise\u00a0a organis\u00e9 le contre la montre de\u00a0Nanton, championnat FSGT 71 par \u00e9quipes de 4 pour les \u00e9quipes de clubs cyclistes Fsgt mais ouvert \u00e0 tous. 50 \u00e9quipes \u00e9taient au d\u00e9part dont 2 de Montceau Triathlon.\u00a0La meilleure \u00e9quipe finit les 21 km en 25\u201955\u201d81.\u00a0 \u00a0\u00a0\u00a0\u00a0\u00a0\u00a0\u00a0\u00a0\u00a0\u00a0\u00a0\u00a0\u00a0\u00a0\u00a0\u00a0\u00a0\u00a0\u00a0\u00a0\u00a0\u00a0\u00a0\u00a0\u00a0\u00a0\u00a0\u00a0\u00a0\u00a0\u00a0\u00a0\u00a0\u00a0\u00a0\u00a0\u00a0\u00a0\u00a0\u00a0\u00a0\u00a0\u00a0\u00a0\u00a0\u00a0\u00a0\u00a0\u00a0\u00a0\u00a0\u00a0\u00a0\u00a0\u00a0\u00a0\u00a0\u00a0\u00a0\u00a0\u00a0\u00a0\u00a0\u00a0\u00a0\u00a0\u00a0\u00a0\u00a0\u00a0\u00a0\u00a0\u00a0\u00a0\u00a0\u00a0\u00a0\u00a0\u00a0\u00a0\u00a0\u00a0\u00a0\u00a0\u00a0\u00a0\u00a0\u00a0\u00a0\u00a0\u00a0\u00a0\u00a0\u00a0\u00a0\u00a0\u00a0\u00a0\u00a0\u00a0\u00a0\u00a0\u00a0\u00a0\u00a0\u00a0\u00a0\u00a0\u00a0\u00a0\u00a0\u00a0\u00a0\u00a0\u00a0\u00a0\u00a0\u00a0\u00a0\u00a0\u00a0\u00a0\u00a0\u00a0\u00a0\u00a0\u00a0\u00a0\u00a0\u00a0\u00a0\u00a0\u00a0\u00a0\u00a0\u00a0\u00a0\u00a0\u00a0\u00a0\u00a0\u00a0\u00a0\u00a0\u00a0\u00a0\u00a0\u00a0\u00a0\u00a0\u00a0\u00a0\u00a0\u00a0\u00a0\u00a0\u00a0\u00a0\u00a0\u00a0\u00a0\u00a0\u00a0\u00a0\u00a0\u00a0\u00a0\u00a0\u00a0\u00a0\u00a0\u00a0\u00a0\u00a0\u00a0\u00a0\u00a0\u00a0\u00a0\u00a0\u00a0\u00a0\u00a0\u00a0\u00a0\u00a0\u00a0\u00a0\u00a0\u2026","rel":"","context":"Dans &quot;Non class\u00e9&quot;","img":{"alt_text":"","src":"https:\/\/i0.wp.com\/montceautriathlon.com\/blog\/wp-content\/uploads\/2018\/09\/filles-300x300.jpg?resize=350%2C200","width":350,"height":200},"classes":[]}],"_links":{"self":[{"href":"https:\/\/www.montceautriathlon.com\/blog\/wp-json\/wp\/v2\/posts\/1719"}],"collection":[{"href":"https:\/\/www.montceautriathlon.com\/blog\/wp-json\/wp\/v2\/posts"}],"about":[{"href":"https:\/\/www.montceautriathlon.com\/blog\/wp-json\/wp\/v2\/types\/post"}],"author":[{"embeddable":true,"href":"https:\/\/www.montceautriathlon.com\/blog\/wp-json\/wp\/v2\/users\/5"}],"replies":[{"embeddable":true,"href":"https:\/\/www.montceautriathlon.com\/blog\/wp-json\/wp\/v2\/comments?post=1719"}],"version-history":[{"count":6,"href":"https:\/\/www.montceautriathlon.com\/blog\/wp-json\/wp\/v2\/posts\/1719\/revisions"}],"predecessor-version":[{"id":1726,"href":"https:\/\/www.montceautriathlon.com\/blog\/wp-json\/wp\/v2\/posts\/1719\/revisions\/1726"}],"wp:attachment":[{"href":"https:\/\/www.montceautriathlon.com\/blog\/wp-json\/wp\/v2\/media?parent=1719"}],"wp:term":[{"taxonomy":"category","embeddable":true,"href":"https:\/\/www.montceautriathlon.com\/blog\/wp-json\/wp\/v2\/categories?post=1719"},{"taxonomy":"post_tag","embeddable":true,"href":"https:\/\/www.montceautriathlon.com\/blog\/wp-json\/wp\/v2\/tags?post=1719"}],"curies":[{"name":"wp","href":"https:\/\/api.w.org\/{rel}","templated":true}]}}