{"id":1599,"date":"2017-10-26T15:41:21","date_gmt":"2017-10-26T14:41:21","guid":{"rendered":"http:\/\/montceautriathlon.com\/blog\/?p=1599"},"modified":"2017-10-26T15:41:21","modified_gmt":"2017-10-26T14:41:21","slug":"trail-la-megamadone-a-saint-gengoux-dimanche-22-octobre-2017","status":"publish","type":"post","link":"https:\/\/www.montceautriathlon.com\/blog\/2017\/10\/26\/trail-la-megamadone-a-saint-gengoux-dimanche-22-octobre-2017\/","title":{"rendered":"Trail La M\u00e9GaMaDOne \u00e0 Saint Gengoux (Dimanche 22 octobre 2017)"},"content":{"rendered":"<p>Le V\u00e9lo-Sport Joncynois organisait le premier Trail ce dimanche, en partenariat avec la ville de Saint-Gengoux.<\/p>\n<p><a href=\"http:\/\/www.vsjoncy.fr\/wp-content\/uploads\/2017\/10\/MEGAMADONE-TRAIL-2017.pdf\" target=\"_blank\" rel=\"noopener\">Tous les r\u00e9sultats<\/a>:<\/p>\n<ul>\n<li>Laurent MAGNIEN : 4\u00b0 scratch \/<strong> 1\u00b0 V1H<\/strong> \/ 01:05:23<\/li>\n<li>Martine BONNARDOT : 55\u00b0 \/<strong> 1\u00b0 V2F<\/strong> \/ 01:23:27<\/li>\n<li>Sophie BOYER : 75\u00b0 \/ <strong>3\u00b0 V1F<\/strong> \/ 01:34:54<\/li>\n<li>Charline BERTHIER : 80\u00b0 \/ 6\u00b0 SEF \/ 01:38:01<\/li>\n<\/ul>\n","protected":false},"excerpt":{"rendered":"<p>Le V\u00e9lo-Sport Joncynois organisait le premier Trail ce dimanche, en partenariat avec la ville de Saint-Gengoux. Tous les r\u00e9sultats: Laurent MAGNIEN : 4\u00b0 scratch \/ 1\u00b0 V1H \/ 01:05:23 Martine BONNARDOT : 55\u00b0 \/ 1\u00b0 V2F \/ 01:23:27 Sophie BOYER : 75\u00b0 \/ 3\u00b0 V1F \/ 01:34:54 Charline BERTHIER : 80\u00b0 \/ 6\u00b0 SEF \/ [&hellip;]<\/p>\n","protected":false},"author":1,"featured_media":0,"comment_status":"open","ping_status":"open","sticky":false,"template":"","format":"standard","meta":{"spay_email":"","jetpack_publicize_message":"","jetpack_is_tweetstorm":false},"categories":[1],"tags":[],"jetpack_featured_media_url":"","jetpack_publicize_connections":[],"jetpack_sharing_enabled":true,"jetpack_shortlink":"https:\/\/wp.me\/p8bwIy-pN","jetpack-related-posts":[{"id":8552,"url":"https:\/\/www.montceautriathlon.com\/blog\/2025\/12\/22\/13-et-14-decembre-trail-de-santenay-corrida-de-saint-gengoux-et-10km-de-hericourt\/","url_meta":{"origin":1599,"position":0},"title":"13 et 14 d\u00e9cembre: trail de Santenay, corrida de Saint Gengoux et 10km de H\u00e9ricourt","date":"22 d\u00e9cembre 2025","format":false,"excerpt":"Les triathl\u00e8tes de Montceau ont choisi des lieux diff\u00e9rents pour courir. Le samedi 13 avait lieu le trail de Santenay, organis\u00e9 par Rougeot Beaune Triathlon. Le dimanche 14 \u00e9tait organis\u00e9 la corrida de Saint Gengoux. Claude Monnet s'est quant \u00e0 lui dirig\u00e9 vers la Haute Saone pour participer au 10km\u2026","rel":"","context":"Dans &quot;Non class\u00e9&quot;","img":{"alt_text":"","src":"https:\/\/i0.wp.com\/www.montceautriathlon.com\/blog\/wp-content\/uploads\/2025\/12\/facebook_1766415502346_7408883607153835542.jpg?resize=350%2C200&ssl=1","width":350,"height":200},"classes":[]},{"id":7260,"url":"https:\/\/www.montceautriathlon.com\/blog\/2024\/12\/23\/corrida-de-saint-gengoux-2\/","url_meta":{"origin":1599,"position":1},"title":"Corrida de Saint Gengoux","date":"23 d\u00e9cembre 2024","format":false,"excerpt":"Pendant que certains triathl\u00e8tes \u00e9taient \u00e0 Dijon pour le bike and run, d'autres courraient \u00e0 Saint Gengoux pour leur Corrida, dont Montceau Triathlon est partenaires depuis quelques ann\u00e9es.. Voici les r\u00e9sultats de nos Athl\u00e8tes: SUR LE 10km: Laurent Magnien , premier repr\u00e9sentant du club franchi la ligne en 13e position\u2026","rel":"","context":"Dans &quot;Non class\u00e9&quot;","img":{"alt_text":"","src":"https:\/\/i1.wp.com\/www.montceautriathlon.com\/blog\/wp-content\/uploads\/2024\/12\/470242708_1257452068628848_960978351182328939_n.jpg?resize=350%2C200&ssl=1","width":350,"height":200},"classes":[]},{"id":5509,"url":"https:\/\/www.montceautriathlon.com\/blog\/2023\/01\/04\/corrida-de-saint-gengoux\/","url_meta":{"origin":1599,"position":2},"title":"Corrida de Saint Gengoux !","date":"4 janvier 2023","format":false,"excerpt":"C'est le 18 d\u00e9cembre en ce d\u00e9but de vacances scolaires qu'a eu lieu la corrida p\u00e9destre ainsi que le passage du p\u00e8re no\u00ebl \u00e0 Saint Gengoux le National. On aurait aim\u00e9 qu'il nous apporte la victoire de l'\u00e9quipe de France sous le sapin \u00e9galement ce jour-l\u00e0. A d\u00e9faut d'\u00eatre champion\u2026","rel":"","context":"Dans &quot;Non class\u00e9&quot;","img":{"alt_text":"","src":"https:\/\/i0.wp.com\/www.montceautriathlon.com\/blog\/wp-content\/uploads\/2023\/01\/image_123927839-scaled.jpg?resize=350%2C200&ssl=1","width":350,"height":200},"classes":[]},{"id":4812,"url":"https:\/\/www.montceautriathlon.com\/blog\/2021\/12\/21\/corrida-de-saint-gengoux-une-petite-course-sympa-avant-les-fetes\/","url_meta":{"origin":1599,"position":3},"title":"Corrida de Saint-Gengoux : une petite course sympa avant les f\u00eates.","date":"21 d\u00e9cembre 2021","format":false,"excerpt":"Une course adulte et deux courses jeunes au travers de la cit\u00e9 m\u00e9di\u00e9vale au programme de ce dernier week-end avant la tr\u00eave des confiseurs. Montceau Triathlon \u00e0 la demande d'Arnaud a pr\u00eat\u00e9 main forte \u00e0 l'\u00e9v\u00e8nement en encadrant les courses jeunes qui malheureusement n'ont pas attir\u00e9 de nombreux concurrents et\u2026","rel":"","context":"Dans &quot;Non class\u00e9&quot;","img":{"alt_text":"","src":"https:\/\/i1.wp.com\/www.montceautriathlon.com\/blog\/wp-content\/uploads\/2021\/12\/stg6.jpg?resize=350%2C200&ssl=1","width":350,"height":200},"classes":[]},{"id":2588,"url":"https:\/\/www.montceautriathlon.com\/blog\/2018\/12\/18\/15-12-18-corrida-de-st-gengoux-battre-le-pave-de-nuit\/","url_meta":{"origin":1599,"position":4},"title":"15\/12\/18 Corrida de St Gengoux : battre le pav\u00e9 de nuit !","date":"18 d\u00e9cembre 2018","format":false,"excerpt":"Nocturne de St Gengoux en nocturne et dans le froid de d\u00e9cembre !\u00a0 9,5 Km et 110 class\u00e9s Cyrille B\u00e9rardan\u00a0\u00a0\u00a0\u00a0\u00a0\u00a0\u00a0\u00a0\u00a0 38'58\u00a0\u00a0\u00a0\u00a0 8\u00e8me scratch et 4\u00e8me SEM Sandrine Ghesqui\u00e8re 50'30\u00a0\u00a0\u00a0\u00a0 61\u00e8me scratch et 8\u00e8me V1F \u00a0 Chez les jeunes : une belle deuxi\u00e8me place de Titouan Rondier et une belle premi\u00e8re\u2026","rel":"","context":"Dans &quot;Non class\u00e9&quot;","img":{"alt_text":"","src":"","width":0,"height":0},"classes":[]},{"id":8515,"url":"https:\/\/www.montceautriathlon.com\/blog\/2025\/12\/05\/relevez-le-defi\/","url_meta":{"origin":1599,"position":5},"title":"Relevez le d\u00e9fi!","date":"5 d\u00e9cembre 2025","format":false,"excerpt":"Montceau Triathlon vous lance un challenge : 24 heures de v\u00e9lo sur home-trainer, pour parcourir un maximum de kilom\u00e8tres au profit du T\u00e9l\u00e9thon ! Que vous soyez licenci\u00e9 du club, passionn\u00e9 de sport, simple curieux ou juste quelqu\u2019un qui souhaite faire une bonne action, vous \u00eates les bienvenus! Pas besoin\u2026","rel":"","context":"Dans &quot;Non class\u00e9&quot;","img":{"alt_text":"","src":"https:\/\/i0.wp.com\/www.montceautriathlon.com\/blog\/wp-content\/uploads\/2025\/12\/telethon.jpg?resize=350%2C200&ssl=1","width":350,"height":200},"classes":[]}],"_links":{"self":[{"href":"https:\/\/www.montceautriathlon.com\/blog\/wp-json\/wp\/v2\/posts\/1599"}],"collection":[{"href":"https:\/\/www.montceautriathlon.com\/blog\/wp-json\/wp\/v2\/posts"}],"about":[{"href":"https:\/\/www.montceautriathlon.com\/blog\/wp-json\/wp\/v2\/types\/post"}],"author":[{"embeddable":true,"href":"https:\/\/www.montceautriathlon.com\/blog\/wp-json\/wp\/v2\/users\/1"}],"replies":[{"embeddable":true,"href":"https:\/\/www.montceautriathlon.com\/blog\/wp-json\/wp\/v2\/comments?post=1599"}],"version-history":[{"count":1,"href":"https:\/\/www.montceautriathlon.com\/blog\/wp-json\/wp\/v2\/posts\/1599\/revisions"}],"predecessor-version":[{"id":1600,"href":"https:\/\/www.montceautriathlon.com\/blog\/wp-json\/wp\/v2\/posts\/1599\/revisions\/1600"}],"wp:attachment":[{"href":"https:\/\/www.montceautriathlon.com\/blog\/wp-json\/wp\/v2\/media?parent=1599"}],"wp:term":[{"taxonomy":"category","embeddable":true,"href":"https:\/\/www.montceautriathlon.com\/blog\/wp-json\/wp\/v2\/categories?post=1599"},{"taxonomy":"post_tag","embeddable":true,"href":"https:\/\/www.montceautriathlon.com\/blog\/wp-json\/wp\/v2\/tags?post=1599"}],"curies":[{"name":"wp","href":"https:\/\/api.w.org\/{rel}","templated":true}]}}