{"id":1541,"date":"2017-09-24T12:55:47","date_gmt":"2017-09-24T11:55:47","guid":{"rendered":"http:\/\/montceautriathlon.com\/blog\/?p=1541"},"modified":"2017-10-04T12:40:54","modified_gmt":"2017-10-04T11:40:54","slug":"triathlon-de-paladru-samedi-23-septembre-2017","status":"publish","type":"post","link":"https:\/\/www.montceautriathlon.com\/blog\/2017\/09\/24\/triathlon-de-paladru-samedi-23-septembre-2017\/","title":{"rendered":"Triathlon de Paladru (Samedi 23 septembre 2017)"},"content":{"rendered":"<p>Avec 4 \u00e9quipes propos\u00e9es sur 150 \u00e9quipes engag\u00e9es, notre club a une nouvelle fois particip\u00e9 en nombre au Triathlon de Paladru\u00a0qui, pour ceux qui ne se situent pas, est entre Bourgoin-Jailleu et Voiron, proche\u00a0de Grenoble. Le soleil \u00e9tait une nouvelle fois au rendez-vous ainsi que la joie et la bonne humeur de chacun.<\/p>\n<p>L&rsquo;organisation, sans faille, proposait quasiment le m\u00eame parcours que l&rsquo;ann\u00e9e pr\u00e9c\u00e9dente, avec: 1800m de nage dans le lac bleu azur de Paladru, 83km de v\u00e9lo (en 2 boucles) avec 800M de D+ et un trail\u00a0de\u00a017km avec 300M de D+.<\/p>\n<p>Apres quelques p\u00e9rip\u00e9ties m\u00e9caniques et physiques, les 4 \u00e9quipes engag\u00e9es ont r\u00e9ussi \u00e0 finir au complet, ce qui n&rsquo;\u00e9tait pas le cas de beaucoup d&rsquo;autres \u00e9quipes. Sur chaque visage, on pouvait distinguer un soulagement du devoir accompli mais \u00e9galement une joie immense qui cachait certes une grosse fatigue, sachant que\u00a0le parcours propos\u00e9 \u00e9tait tr\u00e8s exigeant.<\/p>\n<p>Apres l&rsquo;effort, il convient d&rsquo;un petit moment de\u00a0r\u00e9confort avec un petit ap\u00e9ro puis un bon resto dans le village de Palladru. A refaire \u00e9videmment !<\/p>\n<p><a href=\"http:\/\/triathlon-paladru.onlinetri.com\/index.php?page_id=18984\" target=\"_blank\" rel=\"noopener\">Tous les r\u00e9sultats<\/a>:<\/p>\n<ul>\n<li>Laurent DE SOUSA\/Christophe DELBLOUWE\/Beno\u00eet THIERRY (La Team Bourguignonne): 42\u00b0 scratch \/ 7\u00b0 VEM \/ 04:40:20<\/li>\n<li>Marion RACLOT\/Nicolas FICHET\/Baptistes GUEUGNEAU\/Alice VAURY (Montceau Triathlon Jeunes): 80\u00b0 \/ 16\u00b0 SEX \/ 05:06:28<\/li>\n<li>Cyril ROCHAIX\/Patrice CLARAY\/Isabelle VAURY\/Sophie ROUSSEAU\/Pierre PERRIN (Si on est \u00e0 fond !): 135\u00b0 \/ 1\u00b0 VEX \/ 05:59:33<\/li>\n<li>C\u00e9line DE SOUSA\/Val\u00e9rie RIEME\/Sandrine GHESQUIERE\/Nadine DELBLOUWE (Les Winneuses): 140\u00b0 \/ 2\u00b0 VEF \/ 06:06:39<\/li>\n<\/ul>\n","protected":false},"excerpt":{"rendered":"<p>Avec 4 \u00e9quipes propos\u00e9es sur 150 \u00e9quipes engag\u00e9es, notre club a une nouvelle fois particip\u00e9 en nombre au Triathlon de Paladru\u00a0qui, pour ceux qui ne se situent pas, est entre Bourgoin-Jailleu et Voiron, proche\u00a0de Grenoble. Le soleil \u00e9tait une nouvelle fois au rendez-vous ainsi que la joie et la bonne humeur de chacun. L&rsquo;organisation, sans [&hellip;]<\/p>\n","protected":false},"author":1,"featured_media":0,"comment_status":"open","ping_status":"open","sticky":false,"template":"","format":"standard","meta":{"spay_email":"","jetpack_publicize_message":"","jetpack_is_tweetstorm":false},"categories":[1],"tags":[],"jetpack_featured_media_url":"","jetpack_publicize_connections":[],"jetpack_sharing_enabled":true,"jetpack_shortlink":"https:\/\/wp.me\/p8bwIy-oR","jetpack-related-posts":[{"id":3206,"url":"https:\/\/www.montceautriathlon.com\/blog\/2019\/09\/24\/21-09-19-triathlon-de-paladru-jamais-decus-encore-convaincus\/","url_meta":{"origin":1541,"position":0},"title":"21\/09\/ 19, Triathlon de Paladru : Jamais d\u00e9\u00e7us, encore convaincus !","date":"24 septembre 2019","format":false,"excerpt":"Paladru a encore convaincu ! Si certains ne comptent plus leur nombre de participation \u00e0 ce magnifique triathlon L par \u00e9quipe, les nouvelles recrues qui pour certains gouttaient \u00e0 leur premier longue distance, ne sont pas repartis d\u00e9\u00e7us. Joli parcours, lac avec une eau limpide, m\u00e9t\u00e9o nickel, convivialit\u00e9 et super\u2026","rel":"","context":"Dans &quot;Non class\u00e9&quot;","img":{"alt_text":"","src":"","width":0,"height":0},"classes":[]},{"id":6192,"url":"https:\/\/www.montceautriathlon.com\/blog\/2023\/09\/27\/triathlon-de-paladru\/","url_meta":{"origin":1541,"position":1},"title":"Triathlon de Paladru","date":"27 septembre 2023","format":false,"excerpt":"Une importante d\u00e9l\u00e9gation de Montceau Triathlon s'est retrouv\u00e9e \u00e0 Paladru (Is\u00e8re) pour le triathlon en \u00e9quipe. Les 32 triathl\u00e8tes, composant 7 \u00e9quipes, se sont engag\u00e9es sur un triathlon distance L. Avec une m\u00e9t\u00e9o favorable, tous et toutes ont aval\u00e9s les 1700m de natation, 80 km de v\u00e9lo et 17km de\u2026","rel":"","context":"Dans &quot;Non class\u00e9&quot;","img":{"alt_text":"","src":"https:\/\/i2.wp.com\/www.montceautriathlon.com\/blog\/wp-content\/uploads\/2023\/09\/IMG-20230923-WA00021-1.jpg?resize=350%2C200&ssl=1","width":350,"height":200},"classes":[]},{"id":863,"url":"https:\/\/www.montceautriathlon.com\/blog\/2016\/09\/27\/resultat-du-triathlon-de-paladru-par-equipe-24-septembre-2016\/","url_meta":{"origin":1541,"position":2},"title":"R\u00e9sultat du triathlon de Paladru par \u00e9quipe (24 septembre 2016)","date":"27 septembre 2016","format":false,"excerpt":"Une tr\u00e8s belle fin de saison pour \u00ab\u00a0Montceau Triathlon\u00a0\u00bb puisque 25 triathl\u00e8tes se sont retrouv\u00e9s ce dimanche, dans l\u2019Is\u00e8re, au Lac de Paladru\u00a0! Un encha\u00eenement de 1700m de natation, 72 kms de v\u00e9lo et 17kms de course \u00e0 pied avec en fin de parcours une partie trail, particuli\u00e8rement \u00e9prouvante, attendaient\u2026","rel":"","context":"Dans &quot;slide show&quot;","img":{"alt_text":"","src":"https:\/\/i0.wp.com\/www.montceautriathlon.com\/blog\/wp-content\/uploads\/2016\/09\/Triathlon_Paladru_2016.jpg?resize=350%2C200&ssl=1","width":350,"height":200},"classes":[]},{"id":3895,"url":"https:\/\/www.montceautriathlon.com\/blog\/2020\/09\/30\/26-09-2020-cl-equipes-de-paladru-dru-dru-dru-but-not-dry\/","url_meta":{"origin":1541,"position":3},"title":"26\/09\/2020, CL\/\u00e9quipes de Paladru : dru dru dru, but not dry !","date":"30 septembre 2020","format":false,"excerpt":"Comme tous les ans, plusieurs \u00e9quipes du club sont all\u00e9es se d\u00e9fier en contre la montre sur le magnifique site du lac de Paladru.\u00a0 Un beau triathlon maintenu\u00a0 ! Des souvenirs plein la t\u00eate des \u00e9ditions pr\u00e9c\u00e9dentes. La f\u00eate devait \u00eatre belle ! Et de nouveaux beaux souvenirs \u00e0 la\u2026","rel":"","context":"Dans &quot;Non class\u00e9&quot;","img":{"alt_text":"","src":"https:\/\/i1.wp.com\/www.montceautriathlon.com\/blog\/wp-content\/uploads\/2020\/09\/IMG-20200926-WA0021.jpg?resize=350%2C200&ssl=1","width":350,"height":200},"classes":[]},{"id":2309,"url":"https:\/\/www.montceautriathlon.com\/blog\/2018\/10\/06\/emmene-moi-au-pays-paladru-22-09-18\/","url_meta":{"origin":1541,"position":4},"title":"Emm\u00e8ne- moi au pays&#8230; Paladru 22\/09\/18","date":"6 octobre 2018","format":false,"excerpt":"\"Viens je t'emm\u00e8ne\" .... \u00e0 Paladru!\u00a0 (Merci Isabelle !) Cette ann\u00e9e, une seule \u00e9quipe montcelienne compos\u00e9e de Charline, Sophie, Pierre, Cyril et Isabelle prenait le d\u00e9part de ce sympathique triathlon de fin de saison. Le cadre magnifique, l' organisation, les b\u00e9n\u00e9voles toujours au top et des parcours superbes...voil\u00e0 des ingr\u00e9dients\u2026","rel":"","context":"Dans &quot;Non class\u00e9&quot;","img":{"alt_text":"","src":"https:\/\/i2.wp.com\/montceautriathlon.com\/blog\/wp-content\/uploads\/2018\/10\/Paladru-300x225.jpg?resize=350%2C200","width":350,"height":200},"classes":[]},{"id":7138,"url":"https:\/\/www.montceautriathlon.com\/blog\/2024\/12\/01\/triathlon-de-paladru-21-septembre-2024\/","url_meta":{"origin":1541,"position":5},"title":"Triathlon de Paladru (21 septembre 2024)","date":"1 d\u00e9cembre 2024","format":false,"excerpt":"Deux \u00e9quipes de Montceay ont fait le d\u00e9placement \u00e0 Paladru pour le triathlon L par \u00e9quipes. La Belle et les b\u00eates ( Sandrine Marchand, Arnaud Rondier, Sammy Marc, Frederic Ghesquiere et Philippe Bongrand) termine en 5h33 (99e au scratch et 33e \u00e9quipe mixte) Les Piplettes du Montceau ( Sophie Boyer,\u2026","rel":"","context":"Dans &quot;Non class\u00e9&quot;","img":{"alt_text":"","src":"https:\/\/i1.wp.com\/www.montceautriathlon.com\/blog\/wp-content\/uploads\/2024\/12\/paladru-3.jpg?resize=350%2C200&ssl=1","width":350,"height":200},"classes":[]}],"_links":{"self":[{"href":"https:\/\/www.montceautriathlon.com\/blog\/wp-json\/wp\/v2\/posts\/1541"}],"collection":[{"href":"https:\/\/www.montceautriathlon.com\/blog\/wp-json\/wp\/v2\/posts"}],"about":[{"href":"https:\/\/www.montceautriathlon.com\/blog\/wp-json\/wp\/v2\/types\/post"}],"author":[{"embeddable":true,"href":"https:\/\/www.montceautriathlon.com\/blog\/wp-json\/wp\/v2\/users\/1"}],"replies":[{"embeddable":true,"href":"https:\/\/www.montceautriathlon.com\/blog\/wp-json\/wp\/v2\/comments?post=1541"}],"version-history":[{"count":3,"href":"https:\/\/www.montceautriathlon.com\/blog\/wp-json\/wp\/v2\/posts\/1541\/revisions"}],"predecessor-version":[{"id":1557,"href":"https:\/\/www.montceautriathlon.com\/blog\/wp-json\/wp\/v2\/posts\/1541\/revisions\/1557"}],"wp:attachment":[{"href":"https:\/\/www.montceautriathlon.com\/blog\/wp-json\/wp\/v2\/media?parent=1541"}],"wp:term":[{"taxonomy":"category","embeddable":true,"href":"https:\/\/www.montceautriathlon.com\/blog\/wp-json\/wp\/v2\/categories?post=1541"},{"taxonomy":"post_tag","embeddable":true,"href":"https:\/\/www.montceautriathlon.com\/blog\/wp-json\/wp\/v2\/tags?post=1541"}],"curies":[{"name":"wp","href":"https:\/\/api.w.org\/{rel}","templated":true}]}}