{"id":1054,"date":"2017-01-23T13:25:42","date_gmt":"2017-01-23T12:25:42","guid":{"rendered":"http:\/\/montceautriathlon.com\/blog\/?p=1054"},"modified":"2017-01-23T13:25:42","modified_gmt":"2017-01-23T12:25:42","slug":"resultats-de-loxyrace-trail-blanc-du-jura-samedi-21-janvier-2017","status":"publish","type":"post","link":"https:\/\/www.montceautriathlon.com\/blog\/2017\/01\/23\/resultats-de-loxyrace-trail-blanc-du-jura-samedi-21-janvier-2017\/","title":{"rendered":"R\u00e9sultats de l&rsquo;Oxyrace Trail Blanc du Jura (Samedi 21 janvier 2017)"},"content":{"rendered":"<p><span style=\"color: #333333;\"><span style=\"font-family: Georgia, 'Times New Roman', 'Bitstream Charter', Times, serif;\"><span style=\"font-size: medium;\">Ce week-end se d\u00e9roulait l&rsquo;Oxyrace Trail Blanc du Jura \u00e0 la station des Rousses.<\/span><\/span><\/span><\/p>\n<p><span style=\"color: #333333;\"><span style=\"font-family: Georgia, 'Times New Roman', 'Bitstream Charter', Times, serif;\"><span style=\"font-size: medium;\">Apr\u00e8s une bonne journ\u00e9e de ski de fond (ou de raquettes), sept\u00a0triathl\u00e8tes\u00a0du club de Montceau Triathlon se sont m\u00e9lang\u00e9s aux 800 participants, sur le 10km (D+100M) nocturne, avec une temp\u00e9rature bien en dessous des 0\u00b0C.<\/span><\/span><\/span><\/p>\n<p><span style=\"color: #333333;\"><span style=\"font-family: Georgia, 'Times New Roman', 'Bitstream Charter', Times, serif;\"><span style=\"font-size: medium;\">Le parcours s\u2019effectuait sous la forme d\u2019une seule\u00a0boucle. Il se courait dans sa\u00a0moiti\u00e9\u00a0sur\u00a0des pistes dam\u00e9es (ski de font) et le reste\u00a0sur du hors-piste pour ressentir les\u00a0bienfaits de la poudreuse qui avoisinait les 40\u00a0centim\u00e8tres\u00a0\u2026<\/span><\/span><\/span><\/p>\n<p><span style=\"color: #333333;\"><span style=\"font-family: Georgia, 'Times New Roman', 'Bitstream Charter', Times, serif;\"><span style=\"font-size: medium;\">On\u00a0empruntait la fameuse mont\u00e9e de l\u2019Opticien (dur dur &#8230;), foulait les pistes de la Transjurassienne (\u00e7a va mieux !) qui vous emmenait autours et au c\u0153ur du Fort des Rousses (magnifique !). Et pour finir, on revenait\u00a0au centre de l\u2019omnibus, avec le traditionnel finish en luge !<\/span><\/span><\/span><\/p>\n<p><span style=\"color: #333333;\"><span style=\"font-family: Georgia, 'Times New Roman', 'Bitstream Charter', Times, serif;\"><span style=\"font-size: medium;\">Il y avait \u00e9galement, en parall\u00e8le, un parcours de 17 km.\u00a0Peut-\u00eatre pourquoi pas, pour l&rsquo;ann\u00e9e prochaine, hein les filles !?&#8230;<\/span><\/span><\/span><\/p>\n<p><a href=\"http:\/\/www.sporkrono.fr\/index.php\/oxyrace\" target=\"_blank\">Tous les r\u00e9sultats<\/a>:<\/p>\n<ul>\n<li>Ir\u00e8ne VULIN : 80\u00b0 scratch\/<strong>1\u00b0 V2F<\/strong>\/01:06:51<\/li>\n<li>Ludovic BALLICO : 141\u00b0\/73\u00b0 SEH\/01:11:02<\/li>\n<li>Bertrand DE SARS : 233\u00b0\/43\u00b0V1H\/01:16:56<\/li>\n<li>Anne LAMBOROT : 675\u00b0\/84\u00b0V1F\/01:44:37<\/li>\n<li>Laurence DE SARS : 676\u00b0\/85\u00b0V1F\/01:44:37<\/li>\n<li>Marie-Agn\u00e8s PELIN : 677\u00b0\/29\u00b0V2F\/01:44:38<\/li>\n<li>Isabelle VAURY : 679\u00b0\/30\u00b0V2F\/01:44:42<\/li>\n<\/ul>\n","protected":false},"excerpt":{"rendered":"<p>Ce week-end se d\u00e9roulait l&rsquo;Oxyrace Trail Blanc du Jura \u00e0 la station des Rousses. Apr\u00e8s une bonne journ\u00e9e de ski de fond (ou de raquettes), sept\u00a0triathl\u00e8tes\u00a0du club de Montceau Triathlon se sont m\u00e9lang\u00e9s aux 800 participants, sur le 10km (D+100M) nocturne, avec une temp\u00e9rature bien en dessous des 0\u00b0C. Le parcours s\u2019effectuait sous la forme [&hellip;]<\/p>\n","protected":false},"author":1,"featured_media":0,"comment_status":"open","ping_status":"open","sticky":false,"template":"","format":"standard","meta":{"spay_email":"","jetpack_publicize_message":"","jetpack_is_tweetstorm":false},"categories":[1],"tags":[],"jetpack_featured_media_url":"","jetpack_publicize_connections":[],"jetpack_sharing_enabled":true,"jetpack_shortlink":"https:\/\/wp.me\/p8bwIy-h0","jetpack-related-posts":[{"id":2594,"url":"https:\/\/www.montceautriathlon.com\/blog\/2019\/01\/21\/19-01-2019-oxyrace-du-jura\/","url_meta":{"origin":1054,"position":0},"title":"19\/01\/2019 : OXYRACE du Jura \u00e0 Lamoura","date":"21 janvier 2019","format":false,"excerpt":"Pas grand chose \u00e0 se mettre sous la langue ces derniers temps si ce n'est une marche des soupes il y a une semaine du c\u00f4t\u00e9 de Marigny o\u00f9 quelques membres du club avaient fait le d\u00e9placement. Mais fin de la disette, les comp\u00e9titions reprennent avec notamment cet Oxyrace du\u2026","rel":"","context":"Dans &quot;Non class\u00e9&quot;","img":{"alt_text":"","src":"https:\/\/i2.wp.com\/montceautriathlon.com\/blog\/wp-content\/uploads\/2019\/01\/oxyrace-2019-300x300.jpg?resize=350%2C200","width":350,"height":200},"classes":[]},{"id":6251,"url":"https:\/\/www.montceautriathlon.com\/blog\/2023\/10\/02\/les-triathletes-montcelliens-sur-tous-les-fronts\/","url_meta":{"origin":1054,"position":1},"title":"Les triathl\u00e8tes montcelliens sur tous les fronts.","date":"2 octobre 2023","format":false,"excerpt":"Ce premier dimanche d'octobre, les triathl\u00e8tes ont particip\u00e9 \u00e0 diverses \u00e9preuves. Nous avons pu les retrouver \u00e0 Chen\u00f4ve pour le cross duathlon organis\u00e9 par le club de Chen\u00f4ve triathlon, aux Bizots pour le cyclathlon, \u00e0 Bourg en Bresse pour la cyclosportive La Bisou ou encore dans le Jura pour le\u2026","rel":"","context":"Dans &quot;Non class\u00e9&quot;","img":{"alt_text":"","src":"https:\/\/i0.wp.com\/www.montceautriathlon.com\/blog\/wp-content\/uploads\/2023\/10\/IMG_9010-scaled.jpeg?resize=350%2C200&ssl=1","width":350,"height":200},"classes":[]},{"id":8303,"url":"https:\/\/www.montceautriathlon.com\/blog\/2025\/10\/20\/premier-week-end-doctobre-utmj-run-in-lyon-triathlon-carqueiranne\/","url_meta":{"origin":1054,"position":2},"title":"Premier week end d&rsquo;Octobre: UTMJ, Run in Lyon, Triathlon Carqueiranne, cyclathlon des Bizots","date":"20 octobre 2025","format":false,"excerpt":"Samedi 4 octobre, 2 triathl\u00e8tes montcelliens ont d\u00e9fi\u00e9 le mauvais temps dans les montagnes du Jura. Sandrine Ghesqui\u00e8re s'est engag\u00e9e sur le 105km de l'ultra trail des montagnes du Jura. Apr\u00e8s un changement de parcours \u00e0 la derni\u00e8re minute \u00e0 cause de conditions trop dangereuses, , Sandrine boucle les 90km\u2026","rel":"","context":"Dans &quot;Non class\u00e9&quot;","img":{"alt_text":"","src":"https:\/\/i2.wp.com\/www.montceautriathlon.com\/blog\/wp-content\/uploads\/2025\/10\/557642104_1475656513475068_5211544675592258598_n.jpg?resize=350%2C200&ssl=1","width":350,"height":200},"classes":[]},{"id":7768,"url":"https:\/\/www.montceautriathlon.com\/blog\/2025\/05\/31\/24-25-mai-les-triathletes-montcelliens-sur-tous-les-fronts-2-2\/","url_meta":{"origin":1054,"position":3},"title":"24\/25 mai: les triathl\u00e8tes montcelliens sur tous les fronts (2\/2)","date":"31 mai 2025","format":false,"excerpt":"Du cot\u00e9 de Rully, un trail en duo a eu lieu et 2 couples montcelliens ont franchi la ligne sous le soleil des vignes apr\u00e8s 9km d'effort. Simon Mazeron et Alice Benoit finissent 3e en 53'33. Alice Vaury et Thomas Okrzesik terminent 5e en 55'44. De nombreux licenci\u00e9s ont fait\u2026","rel":"","context":"Dans &quot;Non class\u00e9&quot;","img":{"alt_text":"","src":"https:\/\/i2.wp.com\/www.montceautriathlon.com\/blog\/wp-content\/uploads\/2025\/05\/bt.jpg?resize=350%2C200&ssl=1","width":350,"height":200},"classes":[]},{"id":1744,"url":"https:\/\/www.montceautriathlon.com\/blog\/2018\/01\/22\/oxyrace-du-jura-samedi-20-janvier-2018\/","url_meta":{"origin":1054,"position":4},"title":"Oxyrace du Jura samedi 20 janvier 2018","date":"22 janvier 2018","format":false,"excerpt":"\u00a0 Une douzaine de licenci\u00e9s se sont\u00a0 donc d\u00e9plac\u00e9s dans le Jura ce dernier week-end pour ces fameux trails blancs de 10 et 17 km courus \u00e0 la frontale. Quelle belle \u00e9preuve\u00a0 ! A noter la belle performance de Micka\u00ebl Verdu, 15\u00e8me au scratch du 17km sur 346 finisseurs !\u2026","rel":"","context":"Dans &quot;Non class\u00e9&quot;","img":{"alt_text":"","src":"https:\/\/i0.wp.com\/montceautriathlon.com\/blog\/wp-content\/uploads\/2018\/01\/oxyrace-et-photo-300x225.jpg?resize=350%2C200","width":350,"height":200},"classes":[]},{"id":2998,"url":"https:\/\/www.montceautriathlon.com\/blog\/2019\/07\/01\/29-juin-2019-90km-du-trail-du-mont-blanc-qui-rime-evidemment-avec-berardan\/","url_meta":{"origin":1054,"position":5},"title":"29 juin 2019, 90km du Trail du Mont Blanc : qui rime \u00e9videmment avec B\u00e9rardan !","date":"1 juillet 2019","format":false,"excerpt":"\u00a0 Une nouvelle grosse performance de Cyrille B\u00e9rardan qui a boucl\u00e9 cet ultra trail de 90km(6220D+ !) en 16h17'58\" \u00e0 la 68\u00e8me place au scratch. 554 traileurs sur plus de mille inscrits ont termin\u00e9 entiers sous la chaleur cet exceptionnel trail. \u00a0","rel":"","context":"Dans &quot;Non class\u00e9&quot;","img":{"alt_text":"","src":"","width":0,"height":0},"classes":[]}],"_links":{"self":[{"href":"https:\/\/www.montceautriathlon.com\/blog\/wp-json\/wp\/v2\/posts\/1054"}],"collection":[{"href":"https:\/\/www.montceautriathlon.com\/blog\/wp-json\/wp\/v2\/posts"}],"about":[{"href":"https:\/\/www.montceautriathlon.com\/blog\/wp-json\/wp\/v2\/types\/post"}],"author":[{"embeddable":true,"href":"https:\/\/www.montceautriathlon.com\/blog\/wp-json\/wp\/v2\/users\/1"}],"replies":[{"embeddable":true,"href":"https:\/\/www.montceautriathlon.com\/blog\/wp-json\/wp\/v2\/comments?post=1054"}],"version-history":[{"count":2,"href":"https:\/\/www.montceautriathlon.com\/blog\/wp-json\/wp\/v2\/posts\/1054\/revisions"}],"predecessor-version":[{"id":1056,"href":"https:\/\/www.montceautriathlon.com\/blog\/wp-json\/wp\/v2\/posts\/1054\/revisions\/1056"}],"wp:attachment":[{"href":"https:\/\/www.montceautriathlon.com\/blog\/wp-json\/wp\/v2\/media?parent=1054"}],"wp:term":[{"taxonomy":"category","embeddable":true,"href":"https:\/\/www.montceautriathlon.com\/blog\/wp-json\/wp\/v2\/categories?post=1054"},{"taxonomy":"post_tag","embeddable":true,"href":"https:\/\/www.montceautriathlon.com\/blog\/wp-json\/wp\/v2\/tags?post=1054"}],"curies":[{"name":"wp","href":"https:\/\/api.w.org\/{rel}","templated":true}]}}